{"id":21270,"date":"2026-03-12T14:00:39","date_gmt":"2026-03-12T17:00:39","guid":{"rendered":"https:\/\/www.bibliotecadeseguranca.com.br\/fr\/?p=21270"},"modified":"2026-03-12T02:39:20","modified_gmt":"2026-03-12T05:39:20","slug":"emploi-de-la-gendarmerie-nationale-en-operations-exterieures","status":"publish","type":"post","link":"https:\/\/www.bibliotecadeseguranca.com.br\/fr\/livros\/emploi-de-la-gendarmerie-nationale-en-operations-exterieures\/","title":{"rendered":"Emploi de la Gendarmerie Nationale en Op\u00e9rations Ext\u00e9rieures"},"content":{"rendered":"<p><span style=\"color: #003366;\"><strong><img loading=\"lazy\" decoding=\"async\" class=\"alignleft size-full wp-image-21271\" src=\"https:\/\/www.bibliotecadeseguranca.com.br\/fr\/wp-content\/uploads\/2026\/03\/emploi-de-la-gendarmerie-nationale-en-operations-exterieures.jpg\" alt=\"Emploi de la Gendarmerie Nationale en Op\u00e9rations Ext\u00e9rieures\" width=\"145\" height=\"205\" srcset=\"https:\/\/www.bibliotecadeseguranca.com.br\/fr\/wp-content\/uploads\/2026\/03\/emploi-de-la-gendarmerie-nationale-en-operations-exterieures.jpg 145w, https:\/\/www.bibliotecadeseguranca.com.br\/fr\/wp-content\/uploads\/2026\/03\/emploi-de-la-gendarmerie-nationale-en-operations-exterieures-106x150.jpg 106w\" sizes=\"auto, (max-width: 145px) 100vw, 145px\" \/>Minist\u00e9re des Arm\u00e9es &#8211; France<\/strong><\/span><\/p>\n<p><span style=\"color: #003366;\"><strong>R\u00e9sum\u00e9:<\/strong><\/span> 1. Les engagements ext\u00e9rieurs n\u00e9cessitent des dispositifs militaires qui agr\u00e8gent des composantes adapt\u00e9es aux circonstances. La composante gendarmerie participe \u00e0 cet \u00e9ventail de moyens mis \u00e0 la disposition du chef d\u2019\u00e9tat-major des Arm\u00e9es (CEMA) pour remplir les missions qui lui sont confi\u00e9es.<\/p>\n<p>2. La pr\u00e9sente doctrine entend mettre \u00e0 disposition des arm\u00e9es et de la gendarmerie un document qui d\u00e9finit la vision nationale de la police de stabilisation et ses enjeux, mais pr\u00e9cise \u00e9galement la m\u00e9thode \u00e0 suivre pour le d\u00e9ploiement efficace et adapt\u00e9 d\u2019une composante gendarmerie en op\u00e9ration ext\u00e9rieure.<\/p>\n<p>3. Cette doctrine a pour objectifs :<\/p>\n<p>a. de d\u00e9finir la contribution et la plus-value que la gendarmerie nationale peut apporter dans le cadre d\u2019un engagement conduit sous OPCOM1 du CEMA ; b. de pr\u00e9senter la doctrine de police de stabilisation adopt\u00e9e au sein de l\u2019Organisation du trait\u00e9 de l\u2019atlantique nord (OTAN) depuis 2016, comme nouveau champ missionnel pour une composante gendarmerie d\u00e9ploy\u00e9e en op\u00e9ration ext\u00e9rieure (OPEX2) ;<br \/>\nc. de pr\u00e9senter les sp\u00e9cificit\u00e9s nationales quant \u00e0 la police de stabilisation.<\/p>\n<p>4. Cette doctrine constitue le suppl\u00e9ment fran\u00e7ais \u00e0 l\u2019Allied Joint Publication (AJP)-3.22 (version A) Stability Policing.<\/p>\n<p><a href=\"https:\/\/www.bibliotecadeseguranca.com.br\/wp-content\/uploads\/2026\/03\/emploi-de-la-gendarmerie-nationale-en-operations-exterieures.pdf\" target=\"_blank\" rel=\"noopener\"><img loading=\"lazy\" decoding=\"async\" class=\"alignleft wp-image-12143 size-full\" src=\"https:\/\/www.bibliotecadeseguranca.com.br\/fr\/wp-content\/uploads\/2015\/03\/download_fr.gif\" alt=\"T\u00e9l\u00e9charger\" width=\"107\" height=\"25\" \/><\/a><\/p>\n","protected":false},"excerpt":{"rendered":"<p>Minist\u00e9re des Arm\u00e9es &#8211; France R\u00e9sum\u00e9: 1. Les engagements ext\u00e9rieurs n\u00e9cessitent des dispositifs militaires qui agr\u00e8gent des composantes adapt\u00e9es aux circonstances. La composante gendarmerie participe \u00e0 cet \u00e9ventail de moyens mis \u00e0 la disposition du chef d\u2019\u00e9tat-major des Arm\u00e9es (CEMA) pour remplir les missions qui lui sont confi\u00e9es. 2. La pr\u00e9sente doctrine entend mettre \u00e0 disposition des arm\u00e9es et de la gendarmerie un document qui d\u00e9finit la vision nationale de&hellip; <\/p>\n","protected":false},"author":3,"featured_media":21271,"comment_status":"open","ping_status":"closed","sticky":false,"template":"","format":"standard","meta":{"footnotes":""},"categories":[109,6,25,112],"tags":[],"class_list":["post-21270","post","type-post","status-publish","format-standard","has-post-thumbnail","hentry","category-francais","category-livros","category-seguranca-publica-e-defesa","category-download"],"views":69,"_links":{"self":[{"href":"https:\/\/www.bibliotecadeseguranca.com.br\/fr\/wp-json\/wp\/v2\/posts\/21270","targetHints":{"allow":["GET"]}}],"collection":[{"href":"https:\/\/www.bibliotecadeseguranca.com.br\/fr\/wp-json\/wp\/v2\/posts"}],"about":[{"href":"https:\/\/www.bibliotecadeseguranca.com.br\/fr\/wp-json\/wp\/v2\/types\/post"}],"author":[{"embeddable":true,"href":"https:\/\/www.bibliotecadeseguranca.com.br\/fr\/wp-json\/wp\/v2\/users\/3"}],"replies":[{"embeddable":true,"href":"https:\/\/www.bibliotecadeseguranca.com.br\/fr\/wp-json\/wp\/v2\/comments?post=21270"}],"version-history":[{"count":1,"href":"https:\/\/www.bibliotecadeseguranca.com.br\/fr\/wp-json\/wp\/v2\/posts\/21270\/revisions"}],"predecessor-version":[{"id":21272,"href":"https:\/\/www.bibliotecadeseguranca.com.br\/fr\/wp-json\/wp\/v2\/posts\/21270\/revisions\/21272"}],"wp:featuredmedia":[{"embeddable":true,"href":"https:\/\/www.bibliotecadeseguranca.com.br\/fr\/wp-json\/wp\/v2\/media\/21271"}],"wp:attachment":[{"href":"https:\/\/www.bibliotecadeseguranca.com.br\/fr\/wp-json\/wp\/v2\/media?parent=21270"}],"wp:term":[{"taxonomy":"category","embeddable":true,"href":"https:\/\/www.bibliotecadeseguranca.com.br\/fr\/wp-json\/wp\/v2\/categories?post=21270"},{"taxonomy":"post_tag","embeddable":true,"href":"https:\/\/www.bibliotecadeseguranca.com.br\/fr\/wp-json\/wp\/v2\/tags?post=21270"}],"curies":[{"name":"wp","href":"https:\/\/api.w.org\/{rel}","templated":true}]}}