{"id":21242,"date":"2026-02-27T14:00:08","date_gmt":"2026-02-27T17:00:08","guid":{"rendered":"https:\/\/www.bibliotecadeseguranca.com.br\/fr\/?p=21242"},"modified":"2026-02-27T13:32:21","modified_gmt":"2026-02-27T16:32:21","slug":"politica-nacional-de-convivencia-escolar","status":"publish","type":"post","link":"https:\/\/www.bibliotecadeseguranca.com.br\/fr\/livros\/politica-nacional-de-convivencia-escolar\/","title":{"rendered":"Politica Nacional de Convivencia Escolar"},"content":{"rendered":"<p><span style=\"color: #003366;\"><strong><img loading=\"lazy\" decoding=\"async\" class=\"alignleft size-full wp-image-21243\" src=\"https:\/\/www.bibliotecadeseguranca.com.br\/fr\/wp-content\/uploads\/2026\/02\/politica-nacional-de-convivencia-escolar.jpg\" alt=\"Politica Nacional de Convivencia Escolar\" width=\"145\" height=\"205\" srcset=\"https:\/\/www.bibliotecadeseguranca.com.br\/fr\/wp-content\/uploads\/2026\/02\/politica-nacional-de-convivencia-escolar.jpg 145w, https:\/\/www.bibliotecadeseguranca.com.br\/fr\/wp-content\/uploads\/2026\/02\/politica-nacional-de-convivencia-escolar-106x150.jpg 106w\" sizes=\"auto, (max-width: 145px) 100vw, 145px\" \/>Ministerio de Educaci\u00f3n del Ecuador<\/strong><\/span><\/p>\n<p><span style=\"color: #003366;\"><strong>R\u00e9sum\u00e9:<\/strong><\/span> La Pol\u00edtica Nacional de Convivencia Escolar tiene como finalidad fortalecer los mecanismos de protecci\u00f3n integral y convivencia arm\u00f3nica en el espacio escolar, mediante procesos educativos estructurados y participativos, encaminados al buen trato, a la resoluci\u00f3n pac\u00edfica de conflictos y la implementaci\u00f3n de pr\u00e1cticas ciudadanas y respetuosas, en las relaciones interpersonales.<br \/>\nParte del principio que una respetuosa, pac\u00edfica y fruct\u00edfera convivencia escolar es indispensable para que ni\u00f1as, ni\u00f1os, adolescentes, j\u00f3venes y adultos persigan trayectorias de aprendizaje y de desarrollo integral, con niveles de calidad, equidad y seguridad. Depende de c\u00f3mo conviven los distintos actores en las instituciones educativas, para que la comunidad que los sostiene pueda convertirse en un espacio gratificante y de bienestar mas no en un entorno inseguro y amenazante.<br \/>\nPara la elaboraci\u00f3n de la Pol\u00edtica Nacional de Convivencia Escolar, el Ministerio de Educaci\u00f3n ha convocado a grupos de actores que componen las comunidades educativas, esto es: directivos, docentes, estudiantes, profesionales DECE y madres y padres de familias, para que participen en el proceso de construcci\u00f3n de la pol\u00edtica y sus opiniones concurran, junto a la de los t\u00e9cnicos y especialistas en un esfuerzo colectivo por mejorar la situaci\u00f3n que actualmente presenta la convivencia escolar en las escuelas y unidades educativas.<\/p>\n<p><a href=\"https:\/\/www.bibliotecadeseguranca.com.br\/wp-content\/uploads\/2026\/02\/politica-nacional-de-convivencia-escolar.pdf\" target=\"_blank\" rel=\"noopener\"><img loading=\"lazy\" decoding=\"async\" class=\"alignleft wp-image-12143 size-full\" src=\"https:\/\/www.bibliotecadeseguranca.com.br\/fr\/wp-content\/uploads\/2015\/03\/download_fr.gif\" alt=\"T\u00e9l\u00e9charger\" width=\"107\" height=\"25\" \/><\/a><\/p>\n","protected":false},"excerpt":{"rendered":"<p>Ministerio de Educaci\u00f3n del Ecuador R\u00e9sum\u00e9: La Pol\u00edtica Nacional de Convivencia Escolar tiene como finalidad fortalecer los mecanismos de protecci\u00f3n integral y convivencia arm\u00f3nica en el espacio escolar, mediante procesos educativos estructurados y participativos, encaminados al buen trato, a la resoluci\u00f3n pac\u00edfica de conflictos y la implementaci\u00f3n de pr\u00e1cticas ciudadanas y respetuosas, en las relaciones interpersonales. Parte del principio que una respetuosa, pac\u00edfica y fruct\u00edfera convivencia escolar es indispensable para&hellip; <\/p>\n","protected":false},"author":3,"featured_media":21243,"comment_status":"open","ping_status":"closed","sticky":false,"template":"","format":"standard","meta":{"footnotes":""},"categories":[81,6,25,112],"tags":[],"class_list":["post-21242","post","type-post","status-publish","format-standard","has-post-thumbnail","hentry","category-espanol","category-livros","category-seguranca-publica-e-defesa","category-download"],"views":59,"_links":{"self":[{"href":"https:\/\/www.bibliotecadeseguranca.com.br\/fr\/wp-json\/wp\/v2\/posts\/21242","targetHints":{"allow":["GET"]}}],"collection":[{"href":"https:\/\/www.bibliotecadeseguranca.com.br\/fr\/wp-json\/wp\/v2\/posts"}],"about":[{"href":"https:\/\/www.bibliotecadeseguranca.com.br\/fr\/wp-json\/wp\/v2\/types\/post"}],"author":[{"embeddable":true,"href":"https:\/\/www.bibliotecadeseguranca.com.br\/fr\/wp-json\/wp\/v2\/users\/3"}],"replies":[{"embeddable":true,"href":"https:\/\/www.bibliotecadeseguranca.com.br\/fr\/wp-json\/wp\/v2\/comments?post=21242"}],"version-history":[{"count":1,"href":"https:\/\/www.bibliotecadeseguranca.com.br\/fr\/wp-json\/wp\/v2\/posts\/21242\/revisions"}],"predecessor-version":[{"id":21244,"href":"https:\/\/www.bibliotecadeseguranca.com.br\/fr\/wp-json\/wp\/v2\/posts\/21242\/revisions\/21244"}],"wp:featuredmedia":[{"embeddable":true,"href":"https:\/\/www.bibliotecadeseguranca.com.br\/fr\/wp-json\/wp\/v2\/media\/21243"}],"wp:attachment":[{"href":"https:\/\/www.bibliotecadeseguranca.com.br\/fr\/wp-json\/wp\/v2\/media?parent=21242"}],"wp:term":[{"taxonomy":"category","embeddable":true,"href":"https:\/\/www.bibliotecadeseguranca.com.br\/fr\/wp-json\/wp\/v2\/categories?post=21242"},{"taxonomy":"post_tag","embeddable":true,"href":"https:\/\/www.bibliotecadeseguranca.com.br\/fr\/wp-json\/wp\/v2\/tags?post=21242"}],"curies":[{"name":"wp","href":"https:\/\/api.w.org\/{rel}","templated":true}]}}