{"id":21239,"date":"2026-02-26T14:00:52","date_gmt":"2026-02-26T17:00:52","guid":{"rendered":"https:\/\/www.bibliotecadeseguranca.com.br\/fr\/?p=21239"},"modified":"2026-02-27T13:34:23","modified_gmt":"2026-02-27T16:34:23","slug":"les-politiques-de-prevention-de-la-delinquance-et-de-securite-publique","status":"publish","type":"post","link":"https:\/\/www.bibliotecadeseguranca.com.br\/fr\/livros\/les-politiques-de-prevention-de-la-delinquance-et-de-securite-publique\/","title":{"rendered":"Les Politiques de Pr\u00e9vention de la D\u00e9linquance et de S\u00e9curit\u00e9 Publique"},"content":{"rendered":"<p><span style=\"color: #003366;\"><strong><img loading=\"lazy\" decoding=\"async\" class=\"alignleft size-full wp-image-21240\" src=\"https:\/\/www.bibliotecadeseguranca.com.br\/fr\/wp-content\/uploads\/2026\/02\/les-politiques-de-prevention-de-la-delinquance-et-de-securite-publique.jpg\" alt=\"Les Politiques de Pr\u00e9vention de la D\u00e9linquance et de S\u00e9curit\u00e9 Publique\" width=\"145\" height=\"205\" srcset=\"https:\/\/www.bibliotecadeseguranca.com.br\/fr\/wp-content\/uploads\/2026\/02\/les-politiques-de-prevention-de-la-delinquance-et-de-securite-publique.jpg 145w, https:\/\/www.bibliotecadeseguranca.com.br\/fr\/wp-content\/uploads\/2026\/02\/les-politiques-de-prevention-de-la-delinquance-et-de-securite-publique-106x150.jpg 106w\" sizes=\"auto, (max-width: 145px) 100vw, 145px\" \/>Jacques de Maillard, Val\u00e9rie Icard<\/strong><\/span><\/p>\n<p><span style=\"color: #003366;\"><strong>Institut des Hautes \u00c9tudes du Minist\u00e8re de l\u2019Int\u00e9rieur<\/strong><\/span><\/p>\n<p><span style=\"color: #003366;\"><strong>R\u00e9sum\u00e9:<\/strong><\/span> Depuis le 19e si\u00e8cle, les \u00c9tats occidentaux ont progressivement monopolis\u00e9 les ressources en mati\u00e8re de gestion de la s\u00e9curit\u00e9 int\u00e9rieure. La surveillance, l\u2019arrestation, l\u2019investigation, la sanction, l\u2019emprisonnement deviennent des comp\u00e9tences d\u00e9tenues par les autorit\u00e9s publiques. Des polices publiques, form\u00e9es et recrut\u00e9es selon des r\u00e8gles sp\u00e9cifiques, ont \u00e9merg\u00e9. La consolidation du droit p\u00e9nal a de son c\u00f4t\u00e9 incarn\u00e9 une normativit\u00e9 \u00e9tatique. Au cours du 20e si\u00e8cle, en lien avec la formation des \u00c9tats sociaux, les gouvernements ont \u00e9labor\u00e9 des dispositifs de prise en charge des personnes commettant des infractions, ne limitant pas leurs interventions au seul registre de la sanction. Au croisement entre \u00e9tatisation, c\u2019est-\u00e0-dire la prise en charge publique de la gestion de la s\u00e9curit\u00e9 int\u00e9rieure, professionnalisation, c\u2019est-\u00e0 dire la mont\u00e9e en puissance de savoirs experts dans la gestion des politiques de s\u00e9curit\u00e9, et, ce que l\u2019on peut appeler \u2013 faute de mieux \u2013, pr\u00e9occupation sociale, c\u2019est-\u00e0-dire la mise en place de politiques conduites au nom de la r\u00e9habilitation et de la correction des in\u00e9galit\u00e9s socio-\u00e9conomiques, se sont form\u00e9s des penal welfare states (Garland, 2001) ou \u00ab \u00c9tats sociaux de s\u00e9curit\u00e9 \u00bb (Robert, 2002), assurant un monopole dans la s\u00e9curit\u00e9 des personnes et des biens, tout en ins\u00e9rant cette mission dans un ensemble plus vaste de protections sociales (voir Maillard, 2010).<br \/>\nCette configuration historique s\u2019est trouv\u00e9e confront\u00e9e \u00e0 des turbulences depuis le d\u00e9but des ann\u00e9es 1970. L\u2019augmentation du nombre de faits de d\u00e9linquance enregistr\u00e9s, l\u2019apparition d\u2019un sentiment d\u2019ins\u00e9curit\u00e9 au sein de la population, les tensions entre polices et minorit\u00e9s ethniques, la politisation de cet enjeu dans les campagnes \u00e9lectorales ont contribu\u00e9 \u00e0 red\u00e9finir le r\u00f4le des \u00c9tats nations dans la gestion de la s\u00e9curit\u00e9 int\u00e9rieure. La s\u00e9curit\u00e9 devient une question politique \u2013 alors qu\u2019elle \u00e9tait p\u00e9riph\u00e9rique dans les ann\u00e9es 1950 et 1960, objet de mobilisations partisanes, de commissions expertes diverses et de r\u00e9formes institutionnelles d\u2019ampleur.<\/p>\n<p><a href=\"https:\/\/www.bibliotecadeseguranca.com.br\/wp-content\/uploads\/2026\/02\/les-politiques-de-prevention-de-la-delinquance-et-de-securite-publique.pdf\" target=\"_blank\" rel=\"noopener\"><img loading=\"lazy\" decoding=\"async\" class=\"alignleft wp-image-12143 size-full\" src=\"https:\/\/www.bibliotecadeseguranca.com.br\/fr\/wp-content\/uploads\/2015\/03\/download_fr.gif\" alt=\"T\u00e9l\u00e9charger\" width=\"107\" height=\"25\" \/><\/a><\/p>\n","protected":false},"excerpt":{"rendered":"<p>Jacques de Maillard, Val\u00e9rie Icard Institut des Hautes \u00c9tudes du Minist\u00e8re de l\u2019Int\u00e9rieur R\u00e9sum\u00e9: Depuis le 19e si\u00e8cle, les \u00c9tats occidentaux ont progressivement monopolis\u00e9 les ressources en mati\u00e8re de gestion de la s\u00e9curit\u00e9 int\u00e9rieure. La surveillance, l\u2019arrestation, l\u2019investigation, la sanction, l\u2019emprisonnement deviennent des comp\u00e9tences d\u00e9tenues par les autorit\u00e9s publiques. Des polices publiques, form\u00e9es et recrut\u00e9es selon des r\u00e8gles sp\u00e9cifiques, ont \u00e9merg\u00e9. La consolidation du droit p\u00e9nal a de son c\u00f4t\u00e9&hellip; <\/p>\n","protected":false},"author":3,"featured_media":21240,"comment_status":"open","ping_status":"closed","sticky":false,"template":"","format":"standard","meta":{"footnotes":""},"categories":[109,6,25,112],"tags":[],"class_list":["post-21239","post","type-post","status-publish","format-standard","has-post-thumbnail","hentry","category-francais","category-livros","category-seguranca-publica-e-defesa","category-download"],"views":68,"_links":{"self":[{"href":"https:\/\/www.bibliotecadeseguranca.com.br\/fr\/wp-json\/wp\/v2\/posts\/21239","targetHints":{"allow":["GET"]}}],"collection":[{"href":"https:\/\/www.bibliotecadeseguranca.com.br\/fr\/wp-json\/wp\/v2\/posts"}],"about":[{"href":"https:\/\/www.bibliotecadeseguranca.com.br\/fr\/wp-json\/wp\/v2\/types\/post"}],"author":[{"embeddable":true,"href":"https:\/\/www.bibliotecadeseguranca.com.br\/fr\/wp-json\/wp\/v2\/users\/3"}],"replies":[{"embeddable":true,"href":"https:\/\/www.bibliotecadeseguranca.com.br\/fr\/wp-json\/wp\/v2\/comments?post=21239"}],"version-history":[{"count":2,"href":"https:\/\/www.bibliotecadeseguranca.com.br\/fr\/wp-json\/wp\/v2\/posts\/21239\/revisions"}],"predecessor-version":[{"id":21245,"href":"https:\/\/www.bibliotecadeseguranca.com.br\/fr\/wp-json\/wp\/v2\/posts\/21239\/revisions\/21245"}],"wp:featuredmedia":[{"embeddable":true,"href":"https:\/\/www.bibliotecadeseguranca.com.br\/fr\/wp-json\/wp\/v2\/media\/21240"}],"wp:attachment":[{"href":"https:\/\/www.bibliotecadeseguranca.com.br\/fr\/wp-json\/wp\/v2\/media?parent=21239"}],"wp:term":[{"taxonomy":"category","embeddable":true,"href":"https:\/\/www.bibliotecadeseguranca.com.br\/fr\/wp-json\/wp\/v2\/categories?post=21239"},{"taxonomy":"post_tag","embeddable":true,"href":"https:\/\/www.bibliotecadeseguranca.com.br\/fr\/wp-json\/wp\/v2\/tags?post=21239"}],"curies":[{"name":"wp","href":"https:\/\/api.w.org\/{rel}","templated":true}]}}