{"id":21208,"date":"2026-02-12T14:00:31","date_gmt":"2026-02-12T17:00:31","guid":{"rendered":"https:\/\/www.bibliotecadeseguranca.com.br\/fr\/?p=21208"},"modified":"2026-02-12T02:14:28","modified_gmt":"2026-02-12T05:14:28","slug":"le-maire-et-la-prevention-de-la-delinquance","status":"publish","type":"post","link":"https:\/\/www.bibliotecadeseguranca.com.br\/fr\/livros\/le-maire-et-la-prevention-de-la-delinquance\/","title":{"rendered":"Le Maire et la Pr\u00e9vention de la D\u00e9linquance"},"content":{"rendered":"<p><span style=\"color: #003366;\"><strong><img loading=\"lazy\" decoding=\"async\" class=\"alignleft size-full wp-image-21209\" src=\"https:\/\/www.bibliotecadeseguranca.com.br\/fr\/wp-content\/uploads\/2026\/02\/le-maire-et-la-prevention-de-la-delinquance.jpg\" alt=\"Le Maire et la Pr\u00e9vention de la D\u00e9linquance\" width=\"145\" height=\"205\" srcset=\"https:\/\/www.bibliotecadeseguranca.com.br\/fr\/wp-content\/uploads\/2026\/02\/le-maire-et-la-prevention-de-la-delinquance.jpg 145w, https:\/\/www.bibliotecadeseguranca.com.br\/fr\/wp-content\/uploads\/2026\/02\/le-maire-et-la-prevention-de-la-delinquance-106x150.jpg 106w\" sizes=\"auto, (max-width: 145px) 100vw, 145px\" \/>Secr\u00e9tariat G\u00e9n\u00e9ral du Comit\u00ea Interminist\u00e9riel de Pr\u00e9vention de la D\u00e9linquance<\/strong><\/span><\/p>\n<p><span style=\"color: #003366;\"><strong>R\u00e9sum\u00e9:<\/strong><\/span> La pr\u00e9vention de la d\u00e9linquance trouve ses origines dans les travaux men\u00e9s en 1976 par le Comit\u00e9 d\u2019\u00e9tudes sur la violence, la criminalit\u00e9 et la d\u00e9linquance plac\u00e9 sous la pr\u00e9sidence d\u2019Alain Peyrefitte 1 et en 1982 par la commission des maires sur la s\u00e9curit\u00e9 plac\u00e9e sous la pr\u00e9sidence de Gilbert Bonnemaison.<\/p>\n<p>\u00c0 partir de cette p\u00e9riode, diff\u00e9rents dispositifs d\u00e9di\u00e9s \u00e0 la pr\u00e9vention de la d\u00e9linquance ont \u00e9t\u00e9 mis en place dans les communes et r\u00e9ajust\u00e9s progressivement :<br \/>\n\u2013 conseils communaux de pr\u00e9vention de la d\u00e9linquance (CCPD) en 1983 ;<br \/>\n\u2013 contrats locaux de s\u00e9curit\u00e9 (CLS) \u00e0 partir de 1997 ;<br \/>\n\u2013 conseils locaux de s\u00e9curit\u00e9 et de pr\u00e9vention de la d\u00e9linquance (CLSPD)<br \/>\nen 2002.<\/p>\n<p>Forte de nombreuses exp\u00e9riences locales partenariales r\u00e9ussies, la politique de pr\u00e9vention de la d\u00e9linquance s\u2019est constitu\u00e9e au fil du temps en politique publique autonome et transversale. Elle int\u00e8gre aujourd\u2019hui des actions relevant des dispositifs policiers ou judiciaires, mais \u00e9galement du soutien \u00e0 la jeunesse, de l\u2019accompagnement de la parentalit\u00e9, de l\u2019acc\u00e8s \u00e0 l\u2019\u00e9ducation, \u00e0 la formation, \u00e0 la culture ou \u00e0 l\u2019emploi, de la r\u00e9novation urbaine, des transports, du logement, etc.<\/p>\n<p><a href=\"https:\/\/www.bibliotecadeseguranca.com.br\/wp-content\/uploads\/2026\/02\/le-maire-et-la-prevention-de-la-delinquance.pdf\" target=\"_blank\" rel=\"noopener\"><img loading=\"lazy\" decoding=\"async\" class=\"alignleft wp-image-12143 size-full\" src=\"https:\/\/www.bibliotecadeseguranca.com.br\/fr\/wp-content\/uploads\/2015\/03\/download_fr.gif\" alt=\"T\u00e9l\u00e9charger\" width=\"107\" height=\"25\" \/><\/a><\/p>\n","protected":false},"excerpt":{"rendered":"<p>Secr\u00e9tariat G\u00e9n\u00e9ral du Comit\u00ea Interminist\u00e9riel de Pr\u00e9vention de la D\u00e9linquance R\u00e9sum\u00e9: La pr\u00e9vention de la d\u00e9linquance trouve ses origines dans les travaux men\u00e9s en 1976 par le Comit\u00e9 d\u2019\u00e9tudes sur la violence, la criminalit\u00e9 et la d\u00e9linquance plac\u00e9 sous la pr\u00e9sidence d\u2019Alain Peyrefitte 1 et en 1982 par la commission des maires sur la s\u00e9curit\u00e9 plac\u00e9e sous la pr\u00e9sidence de Gilbert Bonnemaison. \u00c0 partir de cette p\u00e9riode, diff\u00e9rents dispositifs d\u00e9di\u00e9s&hellip; <\/p>\n","protected":false},"author":3,"featured_media":21209,"comment_status":"open","ping_status":"closed","sticky":false,"template":"","format":"standard","meta":{"footnotes":""},"categories":[109,6,25,112],"tags":[],"class_list":["post-21208","post","type-post","status-publish","format-standard","has-post-thumbnail","hentry","category-francais","category-livros","category-seguranca-publica-e-defesa","category-download"],"views":38,"_links":{"self":[{"href":"https:\/\/www.bibliotecadeseguranca.com.br\/fr\/wp-json\/wp\/v2\/posts\/21208","targetHints":{"allow":["GET"]}}],"collection":[{"href":"https:\/\/www.bibliotecadeseguranca.com.br\/fr\/wp-json\/wp\/v2\/posts"}],"about":[{"href":"https:\/\/www.bibliotecadeseguranca.com.br\/fr\/wp-json\/wp\/v2\/types\/post"}],"author":[{"embeddable":true,"href":"https:\/\/www.bibliotecadeseguranca.com.br\/fr\/wp-json\/wp\/v2\/users\/3"}],"replies":[{"embeddable":true,"href":"https:\/\/www.bibliotecadeseguranca.com.br\/fr\/wp-json\/wp\/v2\/comments?post=21208"}],"version-history":[{"count":1,"href":"https:\/\/www.bibliotecadeseguranca.com.br\/fr\/wp-json\/wp\/v2\/posts\/21208\/revisions"}],"predecessor-version":[{"id":21210,"href":"https:\/\/www.bibliotecadeseguranca.com.br\/fr\/wp-json\/wp\/v2\/posts\/21208\/revisions\/21210"}],"wp:featuredmedia":[{"embeddable":true,"href":"https:\/\/www.bibliotecadeseguranca.com.br\/fr\/wp-json\/wp\/v2\/media\/21209"}],"wp:attachment":[{"href":"https:\/\/www.bibliotecadeseguranca.com.br\/fr\/wp-json\/wp\/v2\/media?parent=21208"}],"wp:term":[{"taxonomy":"category","embeddable":true,"href":"https:\/\/www.bibliotecadeseguranca.com.br\/fr\/wp-json\/wp\/v2\/categories?post=21208"},{"taxonomy":"post_tag","embeddable":true,"href":"https:\/\/www.bibliotecadeseguranca.com.br\/fr\/wp-json\/wp\/v2\/tags?post=21208"}],"curies":[{"name":"wp","href":"https:\/\/api.w.org\/{rel}","templated":true}]}}