{"id":21191,"date":"2026-02-05T14:00:27","date_gmt":"2026-02-05T17:00:27","guid":{"rendered":"https:\/\/www.bibliotecadeseguranca.com.br\/fr\/?p=21191"},"modified":"2026-02-05T11:30:58","modified_gmt":"2026-02-05T14:30:58","slug":"seguridad-privada-global","status":"publish","type":"post","link":"https:\/\/www.bibliotecadeseguranca.com.br\/fr\/livros\/seguridad-privada-global\/","title":{"rendered":"Seguridad Privada Global"},"content":{"rendered":"<p><span style=\"color: #003366;\"><strong><img loading=\"lazy\" decoding=\"async\" class=\"alignleft size-full wp-image-21192\" src=\"https:\/\/www.bibliotecadeseguranca.com.br\/fr\/wp-content\/uploads\/2026\/02\/seguridad-privada-global.jpg\" alt=\"Seguridad Privada Global\" width=\"145\" height=\"205\" srcset=\"https:\/\/www.bibliotecadeseguranca.com.br\/fr\/wp-content\/uploads\/2026\/02\/seguridad-privada-global.jpg 145w, https:\/\/www.bibliotecadeseguranca.com.br\/fr\/wp-content\/uploads\/2026\/02\/seguridad-privada-global-106x150.jpg 106w\" sizes=\"auto, (max-width: 145px) 100vw, 145px\" \/>Alicia G\u00f3mez de Hinojosa Guerrero<\/strong><\/span><\/p>\n<p><span style=\"color: #003366;\"><strong>Maison d&#8217;\u00e9dition Atelier &#8211; Libros Jur\u00eddicos<\/strong><\/span><\/p>\n<p><span style=\"color: #003366;\"><strong>R\u00e9sum\u00e9:<\/strong><\/span> El crecimiento de la seguridad privada a escala global ha generado un intenso debate sobre su papel y la necesidad de una regulaci\u00f3n internacional. Mientras algunas voces la se\u00f1alan como una amenaza para los derechos humanos, otras la consideran una oportunidad para reforzar la seguridad humana.<br \/>\nEsta monograf\u00eda analiza el panorama actual desde una perspectiva global, abordando el debate en el seno de Naciones Unidas y el impacto que este tiene en la percepci\u00f3n de los m\u00e1s de 20 millones de profesionales del sector. Con especial atenci\u00f3n a las posibilidades de regulaci\u00f3n internacional, la obra reivindica el valor de la seguridad privada leg\u00edtima y profesional frente a actores que operan fuera del marco normativo.<\/p>\n","protected":false},"excerpt":{"rendered":"<p>Alicia G\u00f3mez de Hinojosa Guerrero Maison d&#8217;\u00e9dition Atelier &#8211; Libros Jur\u00eddicos R\u00e9sum\u00e9: El crecimiento de la seguridad privada a escala global ha generado un intenso debate sobre su papel y la necesidad de una regulaci\u00f3n internacional. Mientras algunas voces la se\u00f1alan como una amenaza para los derechos humanos, otras la consideran una oportunidad para reforzar la seguridad humana. Esta monograf\u00eda analiza el panorama actual desde una perspectiva global, abordando el&hellip; <\/p>\n","protected":false},"author":3,"featured_media":21192,"comment_status":"open","ping_status":"closed","sticky":false,"template":"","format":"standard","meta":{"footnotes":""},"categories":[81,23,6,25],"tags":[],"class_list":["post-21191","post","type-post","status-publish","format-standard","has-post-thumbnail","hentry","category-espanol","category-gestao-da-seguranca-empresarial","category-livros","category-seguranca-publica-e-defesa"],"views":55,"_links":{"self":[{"href":"https:\/\/www.bibliotecadeseguranca.com.br\/fr\/wp-json\/wp\/v2\/posts\/21191","targetHints":{"allow":["GET"]}}],"collection":[{"href":"https:\/\/www.bibliotecadeseguranca.com.br\/fr\/wp-json\/wp\/v2\/posts"}],"about":[{"href":"https:\/\/www.bibliotecadeseguranca.com.br\/fr\/wp-json\/wp\/v2\/types\/post"}],"author":[{"embeddable":true,"href":"https:\/\/www.bibliotecadeseguranca.com.br\/fr\/wp-json\/wp\/v2\/users\/3"}],"replies":[{"embeddable":true,"href":"https:\/\/www.bibliotecadeseguranca.com.br\/fr\/wp-json\/wp\/v2\/comments?post=21191"}],"version-history":[{"count":1,"href":"https:\/\/www.bibliotecadeseguranca.com.br\/fr\/wp-json\/wp\/v2\/posts\/21191\/revisions"}],"predecessor-version":[{"id":21193,"href":"https:\/\/www.bibliotecadeseguranca.com.br\/fr\/wp-json\/wp\/v2\/posts\/21191\/revisions\/21193"}],"wp:featuredmedia":[{"embeddable":true,"href":"https:\/\/www.bibliotecadeseguranca.com.br\/fr\/wp-json\/wp\/v2\/media\/21192"}],"wp:attachment":[{"href":"https:\/\/www.bibliotecadeseguranca.com.br\/fr\/wp-json\/wp\/v2\/media?parent=21191"}],"wp:term":[{"taxonomy":"category","embeddable":true,"href":"https:\/\/www.bibliotecadeseguranca.com.br\/fr\/wp-json\/wp\/v2\/categories?post=21191"},{"taxonomy":"post_tag","embeddable":true,"href":"https:\/\/www.bibliotecadeseguranca.com.br\/fr\/wp-json\/wp\/v2\/tags?post=21191"}],"curies":[{"name":"wp","href":"https:\/\/api.w.org\/{rel}","templated":true}]}}