{"id":21137,"date":"2026-01-12T14:00:03","date_gmt":"2026-01-12T17:00:03","guid":{"rendered":"https:\/\/www.bibliotecadeseguranca.com.br\/fr\/?p=21137"},"modified":"2026-01-12T12:59:30","modified_gmt":"2026-01-12T15:59:30","slug":"revista-fenavist-dezembro-2025","status":"publish","type":"post","link":"https:\/\/www.bibliotecadeseguranca.com.br\/fr\/periodicos-de-seguranca\/revista-fenavist-dezembro-2025\/","title":{"rendered":"Revista Fenavist \u2013 Dezembro 2025"},"content":{"rendered":"<p><span style=\"color: #003366;\"><strong><img loading=\"lazy\" decoding=\"async\" class=\"alignleft size-full wp-image-21138\" src=\"https:\/\/www.bibliotecadeseguranca.com.br\/fr\/wp-content\/uploads\/2026\/01\/revista-fenavist-dezembro-2025.jpg\" alt=\"Revista Fenavist \u2013 Dezembro 2025\" width=\"152\" height=\"205\" srcset=\"https:\/\/www.bibliotecadeseguranca.com.br\/fr\/wp-content\/uploads\/2026\/01\/revista-fenavist-dezembro-2025.jpg 152w, https:\/\/www.bibliotecadeseguranca.com.br\/fr\/wp-content\/uploads\/2026\/01\/revista-fenavist-dezembro-2025-111x150.jpg 111w\" sizes=\"auto, (max-width: 152px) 100vw, 152px\" \/>R\u00e9sum\u00e9:<\/strong><\/span> O ano de 2025 aproxima-se do fim. Foi um per\u00edodo intenso, marcado por avan\u00e7os importantes e, ao mesmo tempo, por desafios que exigiram serenidade e firmeza. Vivemos os primeiros meses da Lei n\u00ba 14.967\/2024 \u2014 o nosso Estatuto da Seguran\u00e7a Privada \u2014 e \u00e9 evidente que os sinais s\u00e3o positivos. A nova legisla\u00e7\u00e3o trouxe mais clareza, seguran\u00e7a jur\u00eddica e maturidade ao setor. Ainda assim, permanece a expectativa pela publica\u00e7\u00e3o do decreto regulamentador, etapa essencial para que o Estatuto alcance todo o seu potencial.<br \/>\nTamb\u00e9m seguimos empenhados para que, ainda em 2025, o Congresso Nacional aprove o projeto de lei que regulamenta o tema do aprendizado, encerrando de vez interpreta\u00e7\u00f5es jur\u00eddicas que tanto prejudicam as empresas do setor.<br \/>\nNo campo econ\u00f4mico, embora tenhamos tido certa estabilidade, convivemos com a influ\u00eancia de um cen\u00e1rio pol\u00edtico inst\u00e1vel. As taxas impostas pelos Estados Unidos \u2014 agora em processo de revers\u00e3o \u2014 afetaram direta ou indiretamente toda a cadeia produtiva. Somam-se a isso as obriga\u00e7\u00f5es sociais que n\u00e3o aparecem nas planilhas, mas pesam diariamente na opera\u00e7\u00e3o das empresas, elevando custos e pressionando margens.<br \/>\nE, como se n\u00e3o bastasse, j\u00e1 percebemos movimentos claros de antecipa\u00e7\u00e3o do debate eleitoral de 2026. \u00c9 natural que o ambiente pol\u00edtico se mobilize, mas nossa preocupa\u00e7\u00e3o \u00e9 que isso paralise pautas essenciais tanto na C\u00e2mara quanto no Senado.<br \/>\nAinda assim, prefiro olhar para o que tem de bom \u2014 e h\u00e1 muito o que celebrar. O Estatuto est\u00e1 em vigor. O setor voltou a crescer em n\u00famero de postos de trabalho. Os Enesp Nordeste e Sul foram um sucesso absoluto. Refor\u00e7amos nossa presen\u00e7a na ISC Brasil e na primeira edi\u00e7\u00e3o da Semana S, promovida pela CNC. A Miss\u00e3o Empresarial \u00e0 It\u00e1lia foi outro marco importante, em que fortalecemos rela\u00e7\u00f5es internacionais e ampliamos horizontes para o setor.<\/p>\n<p>Desejo que 2026 nos encontre com energia, sa\u00fade e foco e seja um ano produtivo, sem sobressaltos desnecess\u00e1rios. Que nos deixem trabalhar \u2014 porque sabemos trabalhar. O brasileiro sabe e gosta de trabalhar.<\/p>\n<p>Desejo ainda um Feliz Natal e um Ano-Novo repleto de realiza\u00e7\u00f5es, paz e bons encontros! Espero que o nosso setor siga unido, forte e confiante no futuro.<\/p>\n<p>Obrigado pelo apoio ao longo de mais um ano.<\/p>\n<p>Um abra\u00e7o,<br \/>\nJeferson Naz\u00e1rio<br \/>\nPresidente da Fenavist<\/p>\n<p><a href=\"https:\/\/www.bibliotecadeseguranca.com.br\/wp-content\/uploads\/2026\/01\/revista-fenavist-dezembro-2025.pdf\" target=\"_blank\" rel=\"noopener\"><img loading=\"lazy\" decoding=\"async\" class=\"alignleft wp-image-12143 size-full\" src=\"https:\/\/www.bibliotecadeseguranca.com.br\/fr\/wp-content\/uploads\/2015\/03\/download_fr.gif\" alt=\"T\u00e9l\u00e9charger\" width=\"107\" height=\"25\" \/><\/a><\/p>\n","protected":false},"excerpt":{"rendered":"<p>R\u00e9sum\u00e9: O ano de 2025 aproxima-se do fim. Foi um per\u00edodo intenso, marcado por avan\u00e7os importantes e, ao mesmo tempo, por desafios que exigiram serenidade e firmeza. Vivemos os primeiros meses da Lei n\u00ba 14.967\/2024 \u2014 o nosso Estatuto da Seguran\u00e7a Privada \u2014 e \u00e9 evidente que os sinais s\u00e3o positivos. A nova legisla\u00e7\u00e3o trouxe mais clareza, seguran\u00e7a jur\u00eddica e maturidade ao setor. Ainda assim, permanece a expectativa pela publica\u00e7\u00e3o&hellip; <\/p>\n","protected":false},"author":3,"featured_media":21138,"comment_status":"open","ping_status":"closed","sticky":false,"template":"","format":"standard","meta":{"footnotes":""},"categories":[124,71,112],"tags":[],"class_list":["post-21137","post","type-post","status-publish","format-standard","has-post-thumbnail","hentry","category-revista-fenavist","category-periodicos-de-seguranca","category-download"],"views":87,"_links":{"self":[{"href":"https:\/\/www.bibliotecadeseguranca.com.br\/fr\/wp-json\/wp\/v2\/posts\/21137","targetHints":{"allow":["GET"]}}],"collection":[{"href":"https:\/\/www.bibliotecadeseguranca.com.br\/fr\/wp-json\/wp\/v2\/posts"}],"about":[{"href":"https:\/\/www.bibliotecadeseguranca.com.br\/fr\/wp-json\/wp\/v2\/types\/post"}],"author":[{"embeddable":true,"href":"https:\/\/www.bibliotecadeseguranca.com.br\/fr\/wp-json\/wp\/v2\/users\/3"}],"replies":[{"embeddable":true,"href":"https:\/\/www.bibliotecadeseguranca.com.br\/fr\/wp-json\/wp\/v2\/comments?post=21137"}],"version-history":[{"count":1,"href":"https:\/\/www.bibliotecadeseguranca.com.br\/fr\/wp-json\/wp\/v2\/posts\/21137\/revisions"}],"predecessor-version":[{"id":21139,"href":"https:\/\/www.bibliotecadeseguranca.com.br\/fr\/wp-json\/wp\/v2\/posts\/21137\/revisions\/21139"}],"wp:featuredmedia":[{"embeddable":true,"href":"https:\/\/www.bibliotecadeseguranca.com.br\/fr\/wp-json\/wp\/v2\/media\/21138"}],"wp:attachment":[{"href":"https:\/\/www.bibliotecadeseguranca.com.br\/fr\/wp-json\/wp\/v2\/media?parent=21137"}],"wp:term":[{"taxonomy":"category","embeddable":true,"href":"https:\/\/www.bibliotecadeseguranca.com.br\/fr\/wp-json\/wp\/v2\/categories?post=21137"},{"taxonomy":"post_tag","embeddable":true,"href":"https:\/\/www.bibliotecadeseguranca.com.br\/fr\/wp-json\/wp\/v2\/tags?post=21137"}],"curies":[{"name":"wp","href":"https:\/\/api.w.org\/{rel}","templated":true}]}}