{"id":21092,"date":"2025-12-15T14:00:51","date_gmt":"2025-12-15T17:00:51","guid":{"rendered":"https:\/\/www.bibliotecadeseguranca.com.br\/fr\/?p=21092"},"modified":"2025-12-15T12:40:25","modified_gmt":"2025-12-15T15:40:25","slug":"revista-prelecao-ano-i-n-14","status":"publish","type":"post","link":"https:\/\/www.bibliotecadeseguranca.com.br\/fr\/periodicos-de-seguranca\/revista-prelecao-ano-i-n-14\/","title":{"rendered":"Revista Prele\u00e7\u00e3o \u2013 Ano I \u2013 N\u00b0 14"},"content":{"rendered":"<p><span style=\"color: #003366;\"><strong><img loading=\"lazy\" decoding=\"async\" class=\"alignleft size-full wp-image-21093\" src=\"https:\/\/www.bibliotecadeseguranca.com.br\/fr\/wp-content\/uploads\/2025\/12\/revista-prelecao-ano-i-n-14.jpg\" alt=\"Revista Prele\u00e7\u00e3o \u2013 Ano I \u2013 N\u00b0 14\" width=\"145\" height=\"205\" srcset=\"https:\/\/www.bibliotecadeseguranca.com.br\/fr\/wp-content\/uploads\/2025\/12\/revista-prelecao-ano-i-n-14.jpg 145w, https:\/\/www.bibliotecadeseguranca.com.br\/fr\/wp-content\/uploads\/2025\/12\/revista-prelecao-ano-i-n-14-106x150.jpg 106w\" sizes=\"auto, (max-width: 145px) 100vw, 145px\" \/>Pol\u00edcia Militar do Estado do Esp\u00edrito Santo<\/strong><\/span><\/p>\n<p><span style=\"color: #003366;\"><strong>R\u00e9sum\u00e9:<\/strong><\/span> Neste momento, convergindo com as diretrizes emanadas pelo Comando Geral da Institui\u00e7\u00e3o Policial Militar, vimos a apresentar a 14\u00aa Edi\u00e7\u00e3o da Revista Prele\u00e7\u00e3o, que teve sua g\u00eanese no ano de 2007, seguindo o objetivo de fomentar os estudos e pesquisas na \u00e1rea de Seguran\u00e7a P\u00fablica no Estado do Esp\u00edrito Santo, reavendo assim, ap\u00f3s um lapso temporal de quase tr\u00eas anos, o interesse institucional em incentivar o p\u00fablico interno e externo com as mat\u00e9rias e obras produzidas por nossos profissionais.<br \/>\nTrata de um relevante trabalho, conduzido com a reconhecida maestria da Diretoria de Ensino, Instru\u00e7\u00e3o e Pesquisa da PMES. Para tanto, o Conselho Editorial da revista, para feitura de cada edi\u00e7\u00e3o, analisa e aprova um primoroso acervo de artigos cient\u00edficos, cuja divulga\u00e7\u00e3o contribui de forma indel\u00e9vel para a sistematiza\u00e7\u00e3o e constru\u00e7\u00e3o do conhecimento na \u00e1rea das Ci\u00eancias Policiais e da Seguran\u00e7a P\u00fablica.<br \/>\nAo passar dos anos, a nossa sociedade cada vez mais se caracteriza pela era digital. Com o advento de tecnologias informacionais e uso das redes sociais, o fluxo de informa\u00e7\u00f5es tornou-se r\u00e1pido, f\u00e1cil e acess\u00edvel. Contudo, verifica-se que grande parcela destas informa\u00e7\u00f5es sequer chega a transformar-se em conhecimento, em face da d\u00fabia natureza das fontes de dados, sua relev\u00e2ncia e aplicabilidade.<br \/>\nSurge, assim, a import\u00e2ncia de sistematizar e difundir um conhecimento mais confi\u00e1vel, com carater\u00edsticas cient\u00edficas que lhe conferem credibilidade e viabilidade de aplica\u00e7\u00e3o frente aos desafios que ora se apresentam aos gestores da \u00e1rea da seguran\u00e7a p\u00fablica. A atividade de pesquisa, notoriamente difundida em artigos cient\u00edficos, encontra tamb\u00e9m na nossa Revista Prele\u00e7\u00e3o, uma busca de ir al\u00e9m das informa\u00e7\u00f5es esparsas sobre determinada mat\u00e9ria. Seu objetivo maior visa uma constru\u00e7\u00e3o de conhecimento cient\u00edfico seguro e, da mesma forma, vi\u00e1vel.<\/p>\n<p><a href=\"https:\/\/www.bibliotecadeseguranca.com.br\/wp-content\/uploads\/2025\/12\/revista-prelecao-ano-i-n-14.pdf\" target=\"_blank\" rel=\"noopener\"><img loading=\"lazy\" decoding=\"async\" class=\"alignleft wp-image-12143 size-full\" src=\"https:\/\/www.bibliotecadeseguranca.com.br\/fr\/wp-content\/uploads\/2015\/03\/download_fr.gif\" alt=\"T\u00e9l\u00e9charger\" width=\"107\" height=\"25\" \/><\/a><\/p>\n","protected":false},"excerpt":{"rendered":"<p>Pol\u00edcia Militar do Estado do Esp\u00edrito Santo R\u00e9sum\u00e9: Neste momento, convergindo com as diretrizes emanadas pelo Comando Geral da Institui\u00e7\u00e3o Policial Militar, vimos a apresentar a 14\u00aa Edi\u00e7\u00e3o da Revista Prele\u00e7\u00e3o, que teve sua g\u00eanese no ano de 2007, seguindo o objetivo de fomentar os estudos e pesquisas na \u00e1rea de Seguran\u00e7a P\u00fablica no Estado do Esp\u00edrito Santo, reavendo assim, ap\u00f3s um lapso temporal de quase tr\u00eas anos, o interesse&hellip; <\/p>\n","protected":false},"author":3,"featured_media":21093,"comment_status":"open","ping_status":"closed","sticky":false,"template":"","format":"standard","meta":{"footnotes":""},"categories":[129,71,112],"tags":[],"class_list":["post-21092","post","type-post","status-publish","format-standard","has-post-thumbnail","hentry","category-revista-prelecao","category-periodicos-de-seguranca","category-download"],"views":47,"_links":{"self":[{"href":"https:\/\/www.bibliotecadeseguranca.com.br\/fr\/wp-json\/wp\/v2\/posts\/21092","targetHints":{"allow":["GET"]}}],"collection":[{"href":"https:\/\/www.bibliotecadeseguranca.com.br\/fr\/wp-json\/wp\/v2\/posts"}],"about":[{"href":"https:\/\/www.bibliotecadeseguranca.com.br\/fr\/wp-json\/wp\/v2\/types\/post"}],"author":[{"embeddable":true,"href":"https:\/\/www.bibliotecadeseguranca.com.br\/fr\/wp-json\/wp\/v2\/users\/3"}],"replies":[{"embeddable":true,"href":"https:\/\/www.bibliotecadeseguranca.com.br\/fr\/wp-json\/wp\/v2\/comments?post=21092"}],"version-history":[{"count":1,"href":"https:\/\/www.bibliotecadeseguranca.com.br\/fr\/wp-json\/wp\/v2\/posts\/21092\/revisions"}],"predecessor-version":[{"id":21094,"href":"https:\/\/www.bibliotecadeseguranca.com.br\/fr\/wp-json\/wp\/v2\/posts\/21092\/revisions\/21094"}],"wp:featuredmedia":[{"embeddable":true,"href":"https:\/\/www.bibliotecadeseguranca.com.br\/fr\/wp-json\/wp\/v2\/media\/21093"}],"wp:attachment":[{"href":"https:\/\/www.bibliotecadeseguranca.com.br\/fr\/wp-json\/wp\/v2\/media?parent=21092"}],"wp:term":[{"taxonomy":"category","embeddable":true,"href":"https:\/\/www.bibliotecadeseguranca.com.br\/fr\/wp-json\/wp\/v2\/categories?post=21092"},{"taxonomy":"post_tag","embeddable":true,"href":"https:\/\/www.bibliotecadeseguranca.com.br\/fr\/wp-json\/wp\/v2\/tags?post=21092"}],"curies":[{"name":"wp","href":"https:\/\/api.w.org\/{rel}","templated":true}]}}