{"id":21041,"date":"2025-11-21T14:00:47","date_gmt":"2025-11-21T17:00:47","guid":{"rendered":"https:\/\/www.bibliotecadeseguranca.com.br\/fr\/?p=21041"},"modified":"2025-11-21T13:12:26","modified_gmt":"2025-11-21T16:12:26","slug":"guide-de-la-securite-et-de-la-tranquilite-publique","status":"publish","type":"post","link":"https:\/\/www.bibliotecadeseguranca.com.br\/fr\/livros\/guide-de-la-securite-et-de-la-tranquilite-publique\/","title":{"rendered":"Guide de la S\u00e9curit\u00e9 et de la Tranquilit\u00e9 Publique"},"content":{"rendered":"<p><span style=\"color: #003366;\"><strong><img loading=\"lazy\" decoding=\"async\" class=\"alignleft size-full wp-image-21042\" src=\"https:\/\/www.bibliotecadeseguranca.com.br\/fr\/wp-content\/uploads\/2025\/11\/guide-de-la-securite-et-de-la-tranquilite-publique.jpg\" alt=\"Guide de la S\u00e9curit\u00e9 et de la Tranquilit\u00e9 Publique\" width=\"145\" height=\"204\" srcset=\"https:\/\/www.bibliotecadeseguranca.com.br\/fr\/wp-content\/uploads\/2025\/11\/guide-de-la-securite-et-de-la-tranquilite-publique.jpg 145w, https:\/\/www.bibliotecadeseguranca.com.br\/fr\/wp-content\/uploads\/2025\/11\/guide-de-la-securite-et-de-la-tranquilite-publique-107x150.jpg 107w\" sizes=\"auto, (max-width: 145px) 100vw, 145px\" \/>Suresnes<\/strong><\/span><\/p>\n<p><span style=\"color: #003366;\"><strong>R\u00e9sum\u00e9:<\/strong><\/span> Convaincus que la s\u00e9curit\u00e9 est la premi\u00e8re des libert\u00e9s, celle qui conditionne l\u2019exercice de toutes les autres, nous avons fait du renforcement de la s\u00e9curit\u00e9 et de la tranquillit\u00e9 des Suresnois, l\u2019une de nos priorit\u00e9s. Cette politique repose sur un partenariat \u00e9troit entre le commissariat de Suresnes et la police municipale. La pr\u00e9sence polici\u00e8re constante sur le terrain et l\u2019efficacit\u00e9 du Centre de Supervision Urbaine, permettent \u00e0 Suresnes d\u2019\u00eatre parmis les villes ayant des taux de d\u00e9linquance les plus bas du d\u00e9partement et le taux d\u2019\u00e9lucidation des d\u00e9lits \u00e0 Suresnes est le plus important des Hauts-de-Seine.<br \/>\nMais les bons r\u00e9sultats en mati\u00e8re de s\u00e9curit\u00e9 \u00e0 Suresnes, sont \u00e9galement et surtout \u00e0 mettre \u00e0 l\u2019actif d\u2019une politique active de pr\u00e9vention de la d\u00e9linquance, \u00e9labor\u00e9e gr\u00e2ce \u00e0 la mobilisation de tous nos partenaires (Commissariat, Pr\u00e9fecture, Justice, Conseil G\u00e9n\u00e9ral, Associations\u2026) au sein de notre Conseil Local de S\u00e9curit\u00e9 et de Pr\u00e9vention de la D\u00e9linquance (CLSPD). Des moyens importants sont allou\u00e9s \u00e0 cette politique : sessions de formation \u00e0 la s\u00e9curit\u00e9 routi\u00e8re men\u00e9es aupr\u00e8s des Suresnois de tout \u00e2ge (des enfants d\u2019\u00e9cole maternelle aux personnes \u00e2g\u00e9es); actions de m\u00e9diation et d\u2019animations aupr\u00e8s des jeunes ; mise en place d\u2019un dispositif de prise en charge et d\u2019accompagnement, au sein des services de la Ville, des personnes condamn\u00e9es \u00e0 des Travaux d\u2019Int\u00e9r\u00eat G\u00e9n\u00e9ral ou \u00e0 des R\u00e9parations P\u00e9nales (24 personnes cette ann\u00e9e), qui sera \u00e9tendu en 2013, aux jeunes plac\u00e9s sous main de justice\u2026 La diffusion de ce guide participe \u00e9galement de la r\u00e9ussite de notre politique de s\u00e9curit\u00e9. Vous y trouverez en effet des conseils pratiques, pour mieux vous prot\u00e9ger, ainsi que les contacts des services publics locaux pouvant vous aider dans vos d\u00e9marches. Il contient \u00e9galement le rappel des r\u00e8glementations que nous avons tous \u00e0 respecter pour \u00abbien vivre ensemble \u00bb. Pour que chacun de nous contribue \u00e0 faire de Suresnes une ville agr\u00e9able, o\u00f9 il fait bon vivre.<\/p>\n<p><a href=\"https:\/\/www.bibliotecadeseguranca.com.br\/wp-content\/uploads\/2025\/11\/guide-de-la-securite-et-de-la-tranquilite-publique.pdf\" target=\"_blank\" rel=\"noopener\"><img loading=\"lazy\" decoding=\"async\" class=\"alignleft wp-image-12143 size-full\" src=\"https:\/\/www.bibliotecadeseguranca.com.br\/fr\/wp-content\/uploads\/2015\/03\/download_fr.gif\" alt=\"T\u00e9l\u00e9charger\" width=\"107\" height=\"25\" \/><\/a><\/p>\n","protected":false},"excerpt":{"rendered":"<p>Suresnes R\u00e9sum\u00e9: Convaincus que la s\u00e9curit\u00e9 est la premi\u00e8re des libert\u00e9s, celle qui conditionne l\u2019exercice de toutes les autres, nous avons fait du renforcement de la s\u00e9curit\u00e9 et de la tranquillit\u00e9 des Suresnois, l\u2019une de nos priorit\u00e9s. Cette politique repose sur un partenariat \u00e9troit entre le commissariat de Suresnes et la police municipale. La pr\u00e9sence polici\u00e8re constante sur le terrain et l\u2019efficacit\u00e9 du Centre de Supervision Urbaine, permettent \u00e0 Suresnes&hellip; <\/p>\n","protected":false},"author":3,"featured_media":21042,"comment_status":"open","ping_status":"closed","sticky":false,"template":"","format":"standard","meta":{"footnotes":""},"categories":[109,6,24,25,112],"tags":[],"class_list":["post-21041","post","type-post","status-publish","format-standard","has-post-thumbnail","hentry","category-francais","category-livros","category-seguranca-pessoal-e-sequestro","category-seguranca-publica-e-defesa","category-download"],"views":98,"_links":{"self":[{"href":"https:\/\/www.bibliotecadeseguranca.com.br\/fr\/wp-json\/wp\/v2\/posts\/21041","targetHints":{"allow":["GET"]}}],"collection":[{"href":"https:\/\/www.bibliotecadeseguranca.com.br\/fr\/wp-json\/wp\/v2\/posts"}],"about":[{"href":"https:\/\/www.bibliotecadeseguranca.com.br\/fr\/wp-json\/wp\/v2\/types\/post"}],"author":[{"embeddable":true,"href":"https:\/\/www.bibliotecadeseguranca.com.br\/fr\/wp-json\/wp\/v2\/users\/3"}],"replies":[{"embeddable":true,"href":"https:\/\/www.bibliotecadeseguranca.com.br\/fr\/wp-json\/wp\/v2\/comments?post=21041"}],"version-history":[{"count":1,"href":"https:\/\/www.bibliotecadeseguranca.com.br\/fr\/wp-json\/wp\/v2\/posts\/21041\/revisions"}],"predecessor-version":[{"id":21043,"href":"https:\/\/www.bibliotecadeseguranca.com.br\/fr\/wp-json\/wp\/v2\/posts\/21041\/revisions\/21043"}],"wp:featuredmedia":[{"embeddable":true,"href":"https:\/\/www.bibliotecadeseguranca.com.br\/fr\/wp-json\/wp\/v2\/media\/21042"}],"wp:attachment":[{"href":"https:\/\/www.bibliotecadeseguranca.com.br\/fr\/wp-json\/wp\/v2\/media?parent=21041"}],"wp:term":[{"taxonomy":"category","embeddable":true,"href":"https:\/\/www.bibliotecadeseguranca.com.br\/fr\/wp-json\/wp\/v2\/categories?post=21041"},{"taxonomy":"post_tag","embeddable":true,"href":"https:\/\/www.bibliotecadeseguranca.com.br\/fr\/wp-json\/wp\/v2\/tags?post=21041"}],"curies":[{"name":"wp","href":"https:\/\/api.w.org\/{rel}","templated":true}]}}