{"id":21022,"date":"2025-11-13T14:00:19","date_gmt":"2025-11-13T17:00:19","guid":{"rendered":"https:\/\/www.bibliotecadeseguranca.com.br\/fr\/?p=21022"},"modified":"2025-11-13T13:08:20","modified_gmt":"2025-11-13T16:08:20","slug":"la-securite-des-entreprises","status":"publish","type":"post","link":"https:\/\/www.bibliotecadeseguranca.com.br\/fr\/livros\/la-securite-des-entreprises\/","title":{"rendered":"La S\u00e9curit\u00e9 des Entreprises"},"content":{"rendered":"<p><span style=\"color: #003366;\"><strong><img loading=\"lazy\" decoding=\"async\" class=\"alignleft size-full wp-image-21023\" src=\"https:\/\/www.bibliotecadeseguranca.com.br\/fr\/wp-content\/uploads\/2025\/11\/la-securite-des-entreprises.jpg\" alt=\"La S\u00e9curit\u00e9 des Entreprises\" width=\"145\" height=\"222\" srcset=\"https:\/\/www.bibliotecadeseguranca.com.br\/fr\/wp-content\/uploads\/2025\/11\/la-securite-des-entreprises.jpg 145w, https:\/\/www.bibliotecadeseguranca.com.br\/fr\/wp-content\/uploads\/2025\/11\/la-securite-des-entreprises-98x150.jpg 98w\" sizes=\"auto, (max-width: 145px) 100vw, 145px\" \/>C\u00e9dric Lewandowski<\/strong><\/span><\/p>\n<p><span style=\"color: #003366;\"><strong>Maison d&#8217;\u00e9dition Que Sais-Je<\/strong><\/span><\/p>\n<p><span style=\"color: #003366;\"><strong>R\u00e9sum\u00e9:<\/strong><\/span> Quels m\u00e9canismes de protection mettre en oeuvre pour prot\u00e9ger son entreprise, assurer la p\u00e9rennit\u00e9 de ses activit\u00e9s et pr\u00e9server sa r\u00e9putation ? C&#8217;est tout l&#8217;enjeu de la s\u00e9curit\u00e9 des entreprises, aujourd&#8217;hui soumises \u00e0 une explosion et une diversification des menaces. Des murailles antiques aux patrouilles m\u00e9di\u00e9vales, en passant par les mercenaires, d\u00e9tectives priv\u00e9s et l&#8217;apparition des premi\u00e8res alarmes, la question de la s\u00e9curit\u00e9 globale des entreprises s&#8217;est pos\u00e9e \u00e0 chaque \u00e9poque jusqu&#8217;aux outils d\u00e9sormais d\u00e9velopp\u00e9s gr\u00e2ce \u00e0 la cybers\u00e9curit\u00e9 et \u00e0 l&#8217;intelligence artificielle. \u00c0 travers ce panorama historique, l\u00e9gislatif et r\u00e9glementaire, qui expose en outre des solutions, C\u00e9dric Lewandowski, pr\u00e9sident du Cercle des directeurs de s\u00e9curit\u00e9 des entreprises (CDSE), d\u00e9fend une culture de la s\u00e9curit\u00e9 dans les entreprises, quelle que soit leur taille, et encourage des diagnostics en profondeur afin d&#8217;affiner la protection des atouts strat\u00e9giques de l&#8217;entreprise. Il d\u00e9montre ainsi qu&#8217;une politique de s\u00e9curit\u00e9-s\u00fbret\u00e9 ne repr\u00e9sente pas que des contraintes et des co\u00fbts, mais qu&#8217;elle est un v\u00e9ritable atout dans un monde qui change et une forme de stabilit\u00e9 pour les entreprises.<\/p>\n","protected":false},"excerpt":{"rendered":"<p>C\u00e9dric Lewandowski Maison d&#8217;\u00e9dition Que Sais-Je R\u00e9sum\u00e9: Quels m\u00e9canismes de protection mettre en oeuvre pour prot\u00e9ger son entreprise, assurer la p\u00e9rennit\u00e9 de ses activit\u00e9s et pr\u00e9server sa r\u00e9putation ? C&#8217;est tout l&#8217;enjeu de la s\u00e9curit\u00e9 des entreprises, aujourd&#8217;hui soumises \u00e0 une explosion et une diversification des menaces. Des murailles antiques aux patrouilles m\u00e9di\u00e9vales, en passant par les mercenaires, d\u00e9tectives priv\u00e9s et l&#8217;apparition des premi\u00e8res alarmes, la question de la s\u00e9curit\u00e9&hellip; <\/p>\n","protected":false},"author":3,"featured_media":21023,"comment_status":"open","ping_status":"closed","sticky":false,"template":"","format":"standard","meta":{"footnotes":""},"categories":[109,23,6],"tags":[],"class_list":["post-21022","post","type-post","status-publish","format-standard","has-post-thumbnail","hentry","category-francais","category-gestao-da-seguranca-empresarial","category-livros"],"views":108,"_links":{"self":[{"href":"https:\/\/www.bibliotecadeseguranca.com.br\/fr\/wp-json\/wp\/v2\/posts\/21022","targetHints":{"allow":["GET"]}}],"collection":[{"href":"https:\/\/www.bibliotecadeseguranca.com.br\/fr\/wp-json\/wp\/v2\/posts"}],"about":[{"href":"https:\/\/www.bibliotecadeseguranca.com.br\/fr\/wp-json\/wp\/v2\/types\/post"}],"author":[{"embeddable":true,"href":"https:\/\/www.bibliotecadeseguranca.com.br\/fr\/wp-json\/wp\/v2\/users\/3"}],"replies":[{"embeddable":true,"href":"https:\/\/www.bibliotecadeseguranca.com.br\/fr\/wp-json\/wp\/v2\/comments?post=21022"}],"version-history":[{"count":1,"href":"https:\/\/www.bibliotecadeseguranca.com.br\/fr\/wp-json\/wp\/v2\/posts\/21022\/revisions"}],"predecessor-version":[{"id":21024,"href":"https:\/\/www.bibliotecadeseguranca.com.br\/fr\/wp-json\/wp\/v2\/posts\/21022\/revisions\/21024"}],"wp:featuredmedia":[{"embeddable":true,"href":"https:\/\/www.bibliotecadeseguranca.com.br\/fr\/wp-json\/wp\/v2\/media\/21023"}],"wp:attachment":[{"href":"https:\/\/www.bibliotecadeseguranca.com.br\/fr\/wp-json\/wp\/v2\/media?parent=21022"}],"wp:term":[{"taxonomy":"category","embeddable":true,"href":"https:\/\/www.bibliotecadeseguranca.com.br\/fr\/wp-json\/wp\/v2\/categories?post=21022"},{"taxonomy":"post_tag","embeddable":true,"href":"https:\/\/www.bibliotecadeseguranca.com.br\/fr\/wp-json\/wp\/v2\/tags?post=21022"}],"curies":[{"name":"wp","href":"https:\/\/api.w.org\/{rel}","templated":true}]}}