{"id":21015,"date":"2025-11-10T14:00:09","date_gmt":"2025-11-10T17:00:09","guid":{"rendered":"https:\/\/www.bibliotecadeseguranca.com.br\/fr\/?p=21015"},"modified":"2025-11-10T13:01:16","modified_gmt":"2025-11-10T16:01:16","slug":"temas-de-gestao-de-policia-ostensiva","status":"publish","type":"post","link":"https:\/\/www.bibliotecadeseguranca.com.br\/fr\/livros\/temas-de-gestao-de-policia-ostensiva\/","title":{"rendered":"Temas de Gest\u00e3o de Pol\u00edcia Ostensiva"},"content":{"rendered":"<p><span style=\"color: #003366;\"><strong><img loading=\"lazy\" decoding=\"async\" class=\"alignleft size-full wp-image-21016\" src=\"https:\/\/www.bibliotecadeseguranca.com.br\/fr\/wp-content\/uploads\/2025\/11\/temas-de-gestao-de-policia-ostensiva.jpg\" alt=\"Temas de Gest\u00e3o de Pol\u00edcia Ostensiva\" width=\"145\" height=\"215\" srcset=\"https:\/\/www.bibliotecadeseguranca.com.br\/fr\/wp-content\/uploads\/2025\/11\/temas-de-gestao-de-policia-ostensiva.jpg 145w, https:\/\/www.bibliotecadeseguranca.com.br\/fr\/wp-content\/uploads\/2025\/11\/temas-de-gestao-de-policia-ostensiva-101x150.jpg 101w\" sizes=\"auto, (max-width: 145px) 100vw, 145px\" \/>Leon Denis da Costa, Daniel Freire Rezende, Janssen Augusto das Gra\u00e7as Nunes<\/strong><\/span><\/p>\n<p><span style=\"color: #003366;\"><strong>Maison d&#8217;\u00e9dition Dial\u00e9tica<\/strong><\/span><\/p>\n<p><span style=\"color: #003366;\"><strong>R\u00e9sum\u00e9:<\/strong><\/span> A obra re\u00fane pesquisas desenvolvidas pelos Cadetes da 47\u00aa Turma do Curso de Forma\u00e7\u00e3o de Oficiais sobre gest\u00e3o e lideran\u00e7a na Pol\u00edcia Militar do Estado de Goi\u00e1s (PMGO), as quais foram submetidas \u00e0 avalia\u00e7\u00e3o pelo corpo docente da Academia da PMGO, a \u201cEscola da Honra e da Lealdade\u201d, como requisito de conclus\u00e3o do MBA em Gest\u00e3o de Pol\u00edcia Ostensiva.<\/p>\n<p>Nesse contexto, entre outros exames, destacam-se as an\u00e1lises sobre o perfil de lideran\u00e7a dos Comandantes-Gerais, sugerindo a integra\u00e7\u00e3o do conhecimento dos veteranos nas forma\u00e7\u00f5es futuras e reflex\u00f5es sobre decis\u00f5es estrat\u00e9gicas, assim como a forma\u00e7\u00e3o dos oficiais e a import\u00e2ncia de preservar o saber acumulado pelos ex-comandantes, a fim de garantir a aperfei\u00e7oamento cont\u00ednuo da corpora\u00e7\u00e3o castrense.<\/p>\n<p>Ademais, a obra tamb\u00e9m investiga a implementa\u00e7\u00e3o de tecnologias, como drones e intelig\u00eancia artificial, bem como realiza discuss\u00f5es acerca da constante atualiza\u00e7\u00e3o e especializa\u00e7\u00e3o do efetivo institucional. Inclusive, ressalta-se a proposi\u00e7\u00e3o de solu\u00e7\u00f5es para desafios como a gest\u00e3o de ocorr\u00eancias de homic\u00eddios, integra\u00e7\u00e3o entre \u00f3rg\u00e3os de seguran\u00e7a e a mensura\u00e7\u00e3o da sensa\u00e7\u00e3o de seguran\u00e7a.<\/p>\n<p>Por fim, com uma abordagem cr\u00edtica e inovadora, o livro oferece contribui\u00e7\u00f5es relevantes ao campo das ci\u00eancias policiais, objetivando o constante aprimoramento da gest\u00e3o e seguran\u00e7a p\u00fablica em Goi\u00e1s.<\/p>\n","protected":false},"excerpt":{"rendered":"<p>Leon Denis da Costa, Daniel Freire Rezende, Janssen Augusto das Gra\u00e7as Nunes Maison d&#8217;\u00e9dition Dial\u00e9tica R\u00e9sum\u00e9: A obra re\u00fane pesquisas desenvolvidas pelos Cadetes da 47\u00aa Turma do Curso de Forma\u00e7\u00e3o de Oficiais sobre gest\u00e3o e lideran\u00e7a na Pol\u00edcia Militar do Estado de Goi\u00e1s (PMGO), as quais foram submetidas \u00e0 avalia\u00e7\u00e3o pelo corpo docente da Academia da PMGO, a \u201cEscola da Honra e da Lealdade\u201d, como requisito de conclus\u00e3o do MBA&hellip; <\/p>\n","protected":false},"author":3,"featured_media":21016,"comment_status":"open","ping_status":"closed","sticky":false,"template":"","format":"standard","meta":{"footnotes":""},"categories":[6,25],"tags":[],"class_list":["post-21015","post","type-post","status-publish","format-standard","has-post-thumbnail","hentry","category-livros","category-seguranca-publica-e-defesa"],"views":142,"_links":{"self":[{"href":"https:\/\/www.bibliotecadeseguranca.com.br\/fr\/wp-json\/wp\/v2\/posts\/21015","targetHints":{"allow":["GET"]}}],"collection":[{"href":"https:\/\/www.bibliotecadeseguranca.com.br\/fr\/wp-json\/wp\/v2\/posts"}],"about":[{"href":"https:\/\/www.bibliotecadeseguranca.com.br\/fr\/wp-json\/wp\/v2\/types\/post"}],"author":[{"embeddable":true,"href":"https:\/\/www.bibliotecadeseguranca.com.br\/fr\/wp-json\/wp\/v2\/users\/3"}],"replies":[{"embeddable":true,"href":"https:\/\/www.bibliotecadeseguranca.com.br\/fr\/wp-json\/wp\/v2\/comments?post=21015"}],"version-history":[{"count":1,"href":"https:\/\/www.bibliotecadeseguranca.com.br\/fr\/wp-json\/wp\/v2\/posts\/21015\/revisions"}],"predecessor-version":[{"id":21017,"href":"https:\/\/www.bibliotecadeseguranca.com.br\/fr\/wp-json\/wp\/v2\/posts\/21015\/revisions\/21017"}],"wp:featuredmedia":[{"embeddable":true,"href":"https:\/\/www.bibliotecadeseguranca.com.br\/fr\/wp-json\/wp\/v2\/media\/21016"}],"wp:attachment":[{"href":"https:\/\/www.bibliotecadeseguranca.com.br\/fr\/wp-json\/wp\/v2\/media?parent=21015"}],"wp:term":[{"taxonomy":"category","embeddable":true,"href":"https:\/\/www.bibliotecadeseguranca.com.br\/fr\/wp-json\/wp\/v2\/categories?post=21015"},{"taxonomy":"post_tag","embeddable":true,"href":"https:\/\/www.bibliotecadeseguranca.com.br\/fr\/wp-json\/wp\/v2\/tags?post=21015"}],"curies":[{"name":"wp","href":"https:\/\/api.w.org\/{rel}","templated":true}]}}