{"id":21000,"date":"2025-11-03T14:00:04","date_gmt":"2025-11-03T17:00:04","guid":{"rendered":"https:\/\/www.bibliotecadeseguranca.com.br\/fr\/?p=21000"},"modified":"2025-11-03T11:55:47","modified_gmt":"2025-11-03T14:55:47","slug":"revista-fenavist-agosto-2025","status":"publish","type":"post","link":"https:\/\/www.bibliotecadeseguranca.com.br\/fr\/periodicos-de-seguranca\/revista-fenavist-agosto-2025\/","title":{"rendered":"Revista Fenavist \u2013 Agosto 2025"},"content":{"rendered":"<p><span style=\"color: #003366;\"><strong><img loading=\"lazy\" decoding=\"async\" class=\"alignleft size-full wp-image-21001\" src=\"https:\/\/www.bibliotecadeseguranca.com.br\/fr\/wp-content\/uploads\/2025\/11\/revista-fenavist-agosto-2025.jpg\" alt=\"Revista Fenavist \u2013 Agosto 2025\" width=\"169\" height=\"205\" srcset=\"https:\/\/www.bibliotecadeseguranca.com.br\/fr\/wp-content\/uploads\/2025\/11\/revista-fenavist-agosto-2025.jpg 169w, https:\/\/www.bibliotecadeseguranca.com.br\/fr\/wp-content\/uploads\/2025\/11\/revista-fenavist-agosto-2025-124x150.jpg 124w\" sizes=\"auto, (max-width: 169px) 100vw, 169px\" \/>R\u00e9sum\u00e9:<\/strong><\/span> Pelo segundo ano consecutivo, a seguran\u00e7a privada brasileira apresenta crescimento no n\u00famero de postos de trabalho. Em maio deste ano, registramos 571.158 vigilantes em atividade &#8211; um n\u00famero ainda distante dos 631 mil de 2015, mas significativamente superior aos 485 mil de 2023, a menor marca da \u00faltima d\u00e9cada. Esse avan\u00e7o renovado nos enche de orgulho e aponta que estamos trilhando o caminho certo.<br \/>\nEssa recupera\u00e7\u00e3o exigiu resili\u00eancia, comprometimento e muita dedica\u00e7\u00e3o. N\u00e3o foram tempos f\u00e1ceis. Enfrentamos crises econ\u00f4micas, os efeitos devastadores de uma pandemia e, com isso, o fechamento de empresas e a perda de empregos para milhares de trabalhadores.<br \/>\nSempre alertamos que dois elementos seriam decisivos para a retomada: a recupera\u00e7\u00e3o da economia e a aprova\u00e7\u00e3o do Estatuto da Seguran\u00e7a Privada.<br \/>\nNos \u00faltimos anos, a economia brasileira mostrou sinais de rea\u00e7\u00e3o, embora ainda aqu\u00e9m do seu pleno potencial, mas o suficiente para reaquecer setores essenciais, entre eles o nosso. \u00c9 importante lembrar: a seguran\u00e7a privada n\u00e3o se fortalece com a escalada da criminalidade, mas com o vigor de uma economia s\u00f3lida. Os dados dos dois \u00faltimos anos divulgados pelo Anu\u00e1rio Brasileiro de Seguran\u00e7a P\u00fablica confirmam essa realidade.<br \/>\nSomado a isso, conquistamos um mar\u00e7o hist\u00f3rico: a aprova\u00e7\u00e3o e san\u00e7\u00e3o da Lei n\u00ba 14.967\/2024, o t\u00e3o aguardado Estatuto da Seguran\u00e7a Privada. Embora seja cedo para avaliar todos os seus efeitos, j\u00e1 \u00e9 percept\u00edvel a influ\u00eancia positiva da nova legisla\u00e7\u00e3o, que entrou em vigor em setembro do ano passado e aguarda a publica\u00e7\u00e3o do decreto regulamentador para sua plena aplica\u00e7\u00e3o. No entanto, \u00e9 cristalino que o Estatuto j\u00e1 come\u00e7a a influenciar diretamente o setor.<br \/>\nEstamos confiantes. O caminho que nos levar\u00e1 aos novos tempos est\u00e1 pavimentado de esperan\u00e7a e solidez.<br \/>\nCom uma base legal moderna, completa e alinhada aos padr\u00f5es internacionais, temos todas as condi\u00e7\u00f5es para manter um ritmo de crescimento sustent\u00e1vel.<br \/>\nMais do que isso, estamos preparados para evoluir de forma estruturada, garantindo n\u00e3o apenas o fortalecimento da atividade, mas tamb\u00e9m a seguran\u00e7a da sociedade. Para isso, continuaremos firmes na defesa dos nossos objetivos. No momento, a regulamenta\u00e7\u00e3o do Estatuto da Seguran\u00e7a Privada e a quest\u00e3o do aprendizado na atividade s\u00e3o prioridades absolutas.<br \/>\nEssas duas quest\u00f5es precisam ser resolvidas para que o nosso prop\u00f3sito de tornar a seguran\u00e7a privada cada vez maior, mais forte e mais segura para os cidad\u00e3os seja alcan\u00e7ado.<br \/>\nSeguiremos em frente, sempre em busca de melhorias<br \/>\nde nosso setor.<\/p>\n<p>Juntos, somos mais fortes.<br \/>\nUm grande abra\u00e7o.<\/p>\n<p>Jeferson Naz\u00e1rio<br \/>\nPresidente da Fenavist<\/p>\n<p><a href=\"https:\/\/www.bibliotecadeseguranca.com.br\/wp-content\/uploads\/2025\/11\/revista-fenavist-agosto-2025.pdf\" target=\"_blank\" rel=\"noopener\"><img loading=\"lazy\" decoding=\"async\" class=\"alignleft wp-image-12143 size-full\" src=\"https:\/\/www.bibliotecadeseguranca.com.br\/fr\/wp-content\/uploads\/2015\/03\/download_fr.gif\" alt=\"T\u00e9l\u00e9charger\" width=\"107\" height=\"25\" \/><\/a><\/p>\n","protected":false},"excerpt":{"rendered":"<p>R\u00e9sum\u00e9: Pelo segundo ano consecutivo, a seguran\u00e7a privada brasileira apresenta crescimento no n\u00famero de postos de trabalho. Em maio deste ano, registramos 571.158 vigilantes em atividade &#8211; um n\u00famero ainda distante dos 631 mil de 2015, mas significativamente superior aos 485 mil de 2023, a menor marca da \u00faltima d\u00e9cada. Esse avan\u00e7o renovado nos enche de orgulho e aponta que estamos trilhando o caminho certo. Essa recupera\u00e7\u00e3o exigiu resili\u00eancia, comprometimento&hellip; <\/p>\n","protected":false},"author":3,"featured_media":0,"comment_status":"open","ping_status":"closed","sticky":false,"template":"","format":"standard","meta":{"footnotes":""},"categories":[124,71,112],"tags":[],"class_list":["post-21000","post","type-post","status-publish","format-standard","hentry","category-revista-fenavist","category-periodicos-de-seguranca","category-download"],"views":114,"_links":{"self":[{"href":"https:\/\/www.bibliotecadeseguranca.com.br\/fr\/wp-json\/wp\/v2\/posts\/21000","targetHints":{"allow":["GET"]}}],"collection":[{"href":"https:\/\/www.bibliotecadeseguranca.com.br\/fr\/wp-json\/wp\/v2\/posts"}],"about":[{"href":"https:\/\/www.bibliotecadeseguranca.com.br\/fr\/wp-json\/wp\/v2\/types\/post"}],"author":[{"embeddable":true,"href":"https:\/\/www.bibliotecadeseguranca.com.br\/fr\/wp-json\/wp\/v2\/users\/3"}],"replies":[{"embeddable":true,"href":"https:\/\/www.bibliotecadeseguranca.com.br\/fr\/wp-json\/wp\/v2\/comments?post=21000"}],"version-history":[{"count":1,"href":"https:\/\/www.bibliotecadeseguranca.com.br\/fr\/wp-json\/wp\/v2\/posts\/21000\/revisions"}],"predecessor-version":[{"id":21002,"href":"https:\/\/www.bibliotecadeseguranca.com.br\/fr\/wp-json\/wp\/v2\/posts\/21000\/revisions\/21002"}],"wp:attachment":[{"href":"https:\/\/www.bibliotecadeseguranca.com.br\/fr\/wp-json\/wp\/v2\/media?parent=21000"}],"wp:term":[{"taxonomy":"category","embeddable":true,"href":"https:\/\/www.bibliotecadeseguranca.com.br\/fr\/wp-json\/wp\/v2\/categories?post=21000"},{"taxonomy":"post_tag","embeddable":true,"href":"https:\/\/www.bibliotecadeseguranca.com.br\/fr\/wp-json\/wp\/v2\/tags?post=21000"}],"curies":[{"name":"wp","href":"https:\/\/api.w.org\/{rel}","templated":true}]}}