{"id":20990,"date":"2025-10-30T14:00:14","date_gmt":"2025-10-30T17:00:14","guid":{"rendered":"https:\/\/www.bibliotecadeseguranca.com.br\/fr\/?p=20990"},"modified":"2025-10-30T12:37:20","modified_gmt":"2025-10-30T15:37:20","slug":"le-droit-du-pilotage-des-crises-et-de-la-gestion-des-risques","status":"publish","type":"post","link":"https:\/\/www.bibliotecadeseguranca.com.br\/fr\/livros\/le-droit-du-pilotage-des-crises-et-de-la-gestion-des-risques\/","title":{"rendered":"Le Droit du Pilotage des Crises et de la Gestion des Risques"},"content":{"rendered":"<p><span style=\"color: #003366;\"><strong><img loading=\"lazy\" decoding=\"async\" class=\"alignleft size-full wp-image-20991\" src=\"https:\/\/www.bibliotecadeseguranca.com.br\/fr\/wp-content\/uploads\/2025\/10\/le-droit-du-pilotage-des-crises-et-de-la-gestion-des-risques.jpg\" alt=\"Le Droit du Pilotage des Crises et de la Gestion des Risques\" width=\"145\" height=\"206\" srcset=\"https:\/\/www.bibliotecadeseguranca.com.br\/fr\/wp-content\/uploads\/2025\/10\/le-droit-du-pilotage-des-crises-et-de-la-gestion-des-risques.jpg 145w, https:\/\/www.bibliotecadeseguranca.com.br\/fr\/wp-content\/uploads\/2025\/10\/le-droit-du-pilotage-des-crises-et-de-la-gestion-des-risques-106x150.jpg 106w\" sizes=\"auto, (max-width: 145px) 100vw, 145px\" \/>Marc Burg<\/strong><\/span><\/p>\n<p><span style=\"color: #003366;\"><strong>Maison d&#8217;\u00e9dition Legitech<\/strong><\/span><\/p>\n<p><span style=\"color: #003366;\"><strong>R\u00e9sum\u00e9:<\/strong><\/span> Bien g\u00e9rer les risques et piloter la crise oblige \u00e0 entrer dans nombre de textes et codes.<\/p>\n<p>Fukushima, Tchernobyl, AZF, Lubrizol ; Feux de for\u00eats, canicule, s\u00e9cheresse, inondations, temp\u00eates et cyclones, s\u00e9ismes et \u00e9ruptions volcaniques\u2026<\/p>\n<p>Menaces terroristes ; Attaques cyber contre les institutions publiques, les h\u00f4pitaux, les simples particuliers\u2026<\/p>\n<p>Les crises sont de toutes natures, omnipr\u00e9sentes avec des risques climatiques, naturels, technologiques, nucl\u00e9aires ou industriels, d\u2019ordre public et terroristes, sans oublier la menace cyber qui plane sur tous les pays puisque mondialis\u00e9e.<\/p>\n<p>Bien communiquer, bien \u00ab manager la gestion de crise \u00bb ne sont plus les pr\u00e9requis suffisants. Les enjeux, notamment les responsabilit\u00e9s engag\u00e9es, sont trop importants pour se contenter de l\u2019instinct, de la pratique ou de l\u2019exp\u00e9rience, m\u00eame si ces acquis peuvent \u00eatre importants.<\/p>\n<p>La gestion des risques et le pilotage des crises, parce qu\u2019une crise ne se g\u00e8re pas mais se \u00ab pilote \u00bb, reposent avant tout sur une indispensable connaissance des r\u00e8gles juridiques, multiples, diversifi\u00e9es, complexes qui s\u2019appliquent \u00e0 ces mati\u00e8res.<\/p>\n<p>Bien g\u00e9rer les risques et piloter la crise oblige \u00e0 entrer dans nombre de textes et codes qui fondent ce droit de la crise. Bien s\u00fbr le Code de la s\u00e9curit\u00e9 int\u00e9rieure et le Code de la d\u00e9fense, mais aussi le Code de l\u2019environnement, de l\u2019urbanisme, g\u00e9n\u00e9ral des collectivit\u00e9s territoriales, le Code forestier, le Code des assurances, de la construction et de l\u2019habitation, des ports maritimes, de l\u2019aviation civile, le Code du travail\u2026 et d\u2019innombrables plans, instructions, directives et circulaires.<\/p>\n<p>Quel droit applicable, quel r\u00f4le doit remplir chacun, quels moyens sont mis en \u0153uvre, comment pr\u00e9venir, comment \u00e9viter, comment r\u00e9duire les cons\u00e9quences d\u2019une crise\u2026 tout cela est formalis\u00e9 juridiquement et s\u2019impose aux d\u00e9cideurs confront\u00e9s aux situations de crise, de l\u2019\u00c9tat, des collectivit\u00e9s territoriales, de toute personne publique ou priv\u00e9e, aux chefs d\u2019entreprises et leurs directeurs de la s\u00fbret\u00e9-s\u00e9curit\u00e9.<\/p>\n<p>C\u2019est avec la vision du praticien, confront\u00e9 lui-m\u00eame \u00e0 des situations de crises, qui analyse depuis des ann\u00e9es les retours d\u2019exp\u00e9rience des grands \u00e9v\u00e8nements qui ont marqu\u00e9 le pays mais aussi celle de l\u2019univer\u00acsitaire, du juriste, que vous rentrerez dans cet univers extr\u00eamement divers, complexe, en constante modification et aux multiples ramifications juridiques du droit de la gestion des risques et du pilotage des crises.<\/p>\n","protected":false},"excerpt":{"rendered":"<p>Marc Burg Maison d&#8217;\u00e9dition Legitech R\u00e9sum\u00e9: Bien g\u00e9rer les risques et piloter la crise oblige \u00e0 entrer dans nombre de textes et codes. Fukushima, Tchernobyl, AZF, Lubrizol ; Feux de for\u00eats, canicule, s\u00e9cheresse, inondations, temp\u00eates et cyclones, s\u00e9ismes et \u00e9ruptions volcaniques\u2026 Menaces terroristes ; Attaques cyber contre les institutions publiques, les h\u00f4pitaux, les simples particuliers\u2026 Les crises sont de toutes natures, omnipr\u00e9sentes avec des risques climatiques, naturels, technologiques, nucl\u00e9aires ou&hellip; <\/p>\n","protected":false},"author":3,"featured_media":20991,"comment_status":"open","ping_status":"closed","sticky":false,"template":"","format":"standard","meta":{"footnotes":""},"categories":[109,6,19],"tags":[],"class_list":["post-20990","post","type-post","status-publish","format-standard","has-post-thumbnail","hentry","category-francais","category-livros","category-risco-e-perdas"],"views":88,"_links":{"self":[{"href":"https:\/\/www.bibliotecadeseguranca.com.br\/fr\/wp-json\/wp\/v2\/posts\/20990","targetHints":{"allow":["GET"]}}],"collection":[{"href":"https:\/\/www.bibliotecadeseguranca.com.br\/fr\/wp-json\/wp\/v2\/posts"}],"about":[{"href":"https:\/\/www.bibliotecadeseguranca.com.br\/fr\/wp-json\/wp\/v2\/types\/post"}],"author":[{"embeddable":true,"href":"https:\/\/www.bibliotecadeseguranca.com.br\/fr\/wp-json\/wp\/v2\/users\/3"}],"replies":[{"embeddable":true,"href":"https:\/\/www.bibliotecadeseguranca.com.br\/fr\/wp-json\/wp\/v2\/comments?post=20990"}],"version-history":[{"count":1,"href":"https:\/\/www.bibliotecadeseguranca.com.br\/fr\/wp-json\/wp\/v2\/posts\/20990\/revisions"}],"predecessor-version":[{"id":20992,"href":"https:\/\/www.bibliotecadeseguranca.com.br\/fr\/wp-json\/wp\/v2\/posts\/20990\/revisions\/20992"}],"wp:featuredmedia":[{"embeddable":true,"href":"https:\/\/www.bibliotecadeseguranca.com.br\/fr\/wp-json\/wp\/v2\/media\/20991"}],"wp:attachment":[{"href":"https:\/\/www.bibliotecadeseguranca.com.br\/fr\/wp-json\/wp\/v2\/media?parent=20990"}],"wp:term":[{"taxonomy":"category","embeddable":true,"href":"https:\/\/www.bibliotecadeseguranca.com.br\/fr\/wp-json\/wp\/v2\/categories?post=20990"},{"taxonomy":"post_tag","embeddable":true,"href":"https:\/\/www.bibliotecadeseguranca.com.br\/fr\/wp-json\/wp\/v2\/tags?post=20990"}],"curies":[{"name":"wp","href":"https:\/\/api.w.org\/{rel}","templated":true}]}}