{"id":20984,"date":"2025-10-27T14:00:08","date_gmt":"2025-10-27T17:00:08","guid":{"rendered":"https:\/\/www.bibliotecadeseguranca.com.br\/fr\/?p=20984"},"modified":"2025-10-27T12:49:08","modified_gmt":"2025-10-27T15:49:08","slug":"seguranca-publica-e-protecao-de-dados-pessoais","status":"publish","type":"post","link":"https:\/\/www.bibliotecadeseguranca.com.br\/fr\/livros\/seguranca-publica-e-protecao-de-dados-pessoais\/","title":{"rendered":"Seguran\u00e7a P\u00fablica e Prote\u00e7\u00e3o de Dados Pessoais"},"content":{"rendered":"<p><span style=\"color: #003366;\"><strong><img loading=\"lazy\" decoding=\"async\" class=\"alignleft size-full wp-image-20985\" src=\"https:\/\/www.bibliotecadeseguranca.com.br\/fr\/wp-content\/uploads\/2025\/10\/seguranca-publica-e-protecao-de-dados-pessoais.jpg\" alt=\"Seguran\u00e7a P\u00fablica e Prote\u00e7\u00e3o de Dados Pessoais\" width=\"145\" height=\"232\" srcset=\"https:\/\/www.bibliotecadeseguranca.com.br\/fr\/wp-content\/uploads\/2025\/10\/seguranca-publica-e-protecao-de-dados-pessoais.jpg 145w, https:\/\/www.bibliotecadeseguranca.com.br\/fr\/wp-content\/uploads\/2025\/10\/seguranca-publica-e-protecao-de-dados-pessoais-94x150.jpg 94w\" sizes=\"auto, (max-width: 145px) 100vw, 145px\" \/>Milena Cereser da Rosa<\/strong><\/span><\/p>\n<p><span style=\"color: #003366;\"><strong>Maison d&#8217;\u00e9dition Tirant Lo Blanch<\/strong><\/span><\/p>\n<p><span style=\"color: #003366;\"><strong>R\u00e9sum\u00e9:<\/strong><\/span> Esta obra busca analisar as condi\u00e7\u00f5es em que ocorre, no cen\u00e1rio brasileiro, o tratamento de dados pessoais no campo da seguran\u00e7a p\u00fablica e persecu\u00e7\u00e3o penal, trazendo uma reflex\u00e3o acerca da import\u00e2ncia na otimiza\u00e7\u00e3o &#8211; atrav\u00e9s da inser\u00e7\u00e3o de novas tecnologias &#8211; dos servi\u00e7os dos \u00f3rg\u00e3os de seguran\u00e7a p\u00fablica na preven\u00e7\u00e3o e repress\u00e3o \u00e0s pr\u00e1ticas criminais, bem como, a necess\u00e1ria prote\u00e7\u00e3o aos direitos humanos e princ\u00edpios constitucionais, especialmente o direito fundamental \u00e0 prote\u00e7\u00e3o de dados. Este estudo n\u00e3o tem o objetivo de esgotar as discuss\u00f5es sobre o tema da prote\u00e7\u00e3o de dados pessoais no \u00e2mbito da seguran\u00e7a p\u00fablica, apenas incitar questionamentos e poss\u00edveis caminhos para a garantia jur\u00eddica efetiva dos direitos humanos neste campo.<\/p>\n","protected":false},"excerpt":{"rendered":"<p>Milena Cereser da Rosa Maison d&#8217;\u00e9dition Tirant Lo Blanch R\u00e9sum\u00e9: Esta obra busca analisar as condi\u00e7\u00f5es em que ocorre, no cen\u00e1rio brasileiro, o tratamento de dados pessoais no campo da seguran\u00e7a p\u00fablica e persecu\u00e7\u00e3o penal, trazendo uma reflex\u00e3o acerca da import\u00e2ncia na otimiza\u00e7\u00e3o &#8211; atrav\u00e9s da inser\u00e7\u00e3o de novas tecnologias &#8211; dos servi\u00e7os dos \u00f3rg\u00e3os de seguran\u00e7a p\u00fablica na preven\u00e7\u00e3o e repress\u00e3o \u00e0s pr\u00e1ticas criminais, bem como, a necess\u00e1ria prote\u00e7\u00e3o&hellip; <\/p>\n","protected":false},"author":3,"featured_media":20985,"comment_status":"open","ping_status":"closed","sticky":false,"template":"","format":"standard","meta":{"footnotes":""},"categories":[6,20,25],"tags":[],"class_list":["post-20984","post","type-post","status-publish","format-standard","has-post-thumbnail","hentry","category-livros","category-seguranca-da-informacao","category-seguranca-publica-e-defesa"],"views":167,"_links":{"self":[{"href":"https:\/\/www.bibliotecadeseguranca.com.br\/fr\/wp-json\/wp\/v2\/posts\/20984","targetHints":{"allow":["GET"]}}],"collection":[{"href":"https:\/\/www.bibliotecadeseguranca.com.br\/fr\/wp-json\/wp\/v2\/posts"}],"about":[{"href":"https:\/\/www.bibliotecadeseguranca.com.br\/fr\/wp-json\/wp\/v2\/types\/post"}],"author":[{"embeddable":true,"href":"https:\/\/www.bibliotecadeseguranca.com.br\/fr\/wp-json\/wp\/v2\/users\/3"}],"replies":[{"embeddable":true,"href":"https:\/\/www.bibliotecadeseguranca.com.br\/fr\/wp-json\/wp\/v2\/comments?post=20984"}],"version-history":[{"count":1,"href":"https:\/\/www.bibliotecadeseguranca.com.br\/fr\/wp-json\/wp\/v2\/posts\/20984\/revisions"}],"predecessor-version":[{"id":20986,"href":"https:\/\/www.bibliotecadeseguranca.com.br\/fr\/wp-json\/wp\/v2\/posts\/20984\/revisions\/20986"}],"wp:featuredmedia":[{"embeddable":true,"href":"https:\/\/www.bibliotecadeseguranca.com.br\/fr\/wp-json\/wp\/v2\/media\/20985"}],"wp:attachment":[{"href":"https:\/\/www.bibliotecadeseguranca.com.br\/fr\/wp-json\/wp\/v2\/media?parent=20984"}],"wp:term":[{"taxonomy":"category","embeddable":true,"href":"https:\/\/www.bibliotecadeseguranca.com.br\/fr\/wp-json\/wp\/v2\/categories?post=20984"},{"taxonomy":"post_tag","embeddable":true,"href":"https:\/\/www.bibliotecadeseguranca.com.br\/fr\/wp-json\/wp\/v2\/tags?post=20984"}],"curies":[{"name":"wp","href":"https:\/\/api.w.org\/{rel}","templated":true}]}}