{"id":20977,"date":"2025-10-24T14:00:38","date_gmt":"2025-10-24T17:00:38","guid":{"rendered":"https:\/\/www.bibliotecadeseguranca.com.br\/fr\/?p=20977"},"modified":"2025-10-24T12:54:33","modified_gmt":"2025-10-24T15:54:33","slug":"libro-blanco-de-la-prevencion-y-seguridad-local-valenciana","status":"publish","type":"post","link":"https:\/\/www.bibliotecadeseguranca.com.br\/fr\/livros\/libro-blanco-de-la-prevencion-y-seguridad-local-valenciana\/","title":{"rendered":"Libro Blanco de la Prevenci\u00f3n y Seguridad Local Valenciana"},"content":{"rendered":"<p><span style=\"color: #003366;\"><strong><img loading=\"lazy\" decoding=\"async\" class=\"alignleft size-full wp-image-20978\" src=\"https:\/\/www.bibliotecadeseguranca.com.br\/fr\/wp-content\/uploads\/2025\/10\/libro-blanco-de-la-prevencion-y-seguridad-local-valenciana.jpg\" alt=\"Libro Blanco de la Prevenci\u00f3n y Seguridad Local Valenciana\" width=\"145\" height=\"205\" srcset=\"https:\/\/www.bibliotecadeseguranca.com.br\/fr\/wp-content\/uploads\/2025\/10\/libro-blanco-de-la-prevencion-y-seguridad-local-valenciana.jpg 145w, https:\/\/www.bibliotecadeseguranca.com.br\/fr\/wp-content\/uploads\/2025\/10\/libro-blanco-de-la-prevencion-y-seguridad-local-valenciana-106x150.jpg 106w\" sizes=\"auto, (max-width: 145px) 100vw, 145px\" \/>Jos\u00e9 Mart\u00ednez Espasa<\/strong><\/span><\/p>\n<p><span style=\"color: #003366;\"><strong>Instituto Valenciano de Seguridad P\u00fablica y Emergencias<\/strong><\/span><\/p>\n<p><span style=\"color: #003366;\"><strong>R\u00e9sum\u00e9:<\/strong><\/span> Al cierre del Congreso, creo que podemos considerarnos muy satisfechos y satisfechas. Y los motivos son muchos y variados. Por primera vez hemos podido llevar a cabo un evento de estas caracter\u00edsticas con ponentes de primer\u00edsimo nivel y donde se han escuchado tambi\u00e9n las voces de las organizaciones sindicales en lo relativo a las mejoras pendientes en polic\u00eda local con total normalidad. Esto redunda en la satisfacci\u00f3n de reconocer que la actividad investigadora ha llegado a la polic\u00eda para quedarse. La calidad y cantidad de las aportaciones cient\u00edficas y t\u00e9cnicas han sido muy considerables y, ello nos muestra que la mejor formaci\u00f3n y capacitaci\u00f3n de los y las profesionales de las polic\u00edas locales es ya una realidad y su efecto se ha dejado sentir con evidencia.<\/p>\n<p><a href=\"https:\/\/www.bibliotecadeseguranca.com.br\/wp-content\/uploads\/2025\/10\/libro-blanco-de-la-prevencion-y-seguridad-local-valenciana.pdf\" target=\"_blank\" rel=\"noopener\"><img loading=\"lazy\" decoding=\"async\" class=\"alignleft wp-image-12143 size-full\" src=\"https:\/\/www.bibliotecadeseguranca.com.br\/fr\/wp-content\/uploads\/2015\/03\/download_fr.gif\" alt=\"T\u00e9l\u00e9charger\" width=\"107\" height=\"25\" \/><\/a><\/p>\n","protected":false},"excerpt":{"rendered":"<p>Jos\u00e9 Mart\u00ednez Espasa Instituto Valenciano de Seguridad P\u00fablica y Emergencias R\u00e9sum\u00e9: Al cierre del Congreso, creo que podemos considerarnos muy satisfechos y satisfechas. Y los motivos son muchos y variados. Por primera vez hemos podido llevar a cabo un evento de estas caracter\u00edsticas con ponentes de primer\u00edsimo nivel y donde se han escuchado tambi\u00e9n las voces de las organizaciones sindicales en lo relativo a las mejoras pendientes en polic\u00eda local&hellip; <\/p>\n","protected":false},"author":3,"featured_media":20978,"comment_status":"open","ping_status":"closed","sticky":false,"template":"","format":"standard","meta":{"footnotes":""},"categories":[81,6,25,112],"tags":[],"class_list":["post-20977","post","type-post","status-publish","format-standard","has-post-thumbnail","hentry","category-espanol","category-livros","category-seguranca-publica-e-defesa","category-download"],"views":106,"_links":{"self":[{"href":"https:\/\/www.bibliotecadeseguranca.com.br\/fr\/wp-json\/wp\/v2\/posts\/20977","targetHints":{"allow":["GET"]}}],"collection":[{"href":"https:\/\/www.bibliotecadeseguranca.com.br\/fr\/wp-json\/wp\/v2\/posts"}],"about":[{"href":"https:\/\/www.bibliotecadeseguranca.com.br\/fr\/wp-json\/wp\/v2\/types\/post"}],"author":[{"embeddable":true,"href":"https:\/\/www.bibliotecadeseguranca.com.br\/fr\/wp-json\/wp\/v2\/users\/3"}],"replies":[{"embeddable":true,"href":"https:\/\/www.bibliotecadeseguranca.com.br\/fr\/wp-json\/wp\/v2\/comments?post=20977"}],"version-history":[{"count":1,"href":"https:\/\/www.bibliotecadeseguranca.com.br\/fr\/wp-json\/wp\/v2\/posts\/20977\/revisions"}],"predecessor-version":[{"id":20979,"href":"https:\/\/www.bibliotecadeseguranca.com.br\/fr\/wp-json\/wp\/v2\/posts\/20977\/revisions\/20979"}],"wp:featuredmedia":[{"embeddable":true,"href":"https:\/\/www.bibliotecadeseguranca.com.br\/fr\/wp-json\/wp\/v2\/media\/20978"}],"wp:attachment":[{"href":"https:\/\/www.bibliotecadeseguranca.com.br\/fr\/wp-json\/wp\/v2\/media?parent=20977"}],"wp:term":[{"taxonomy":"category","embeddable":true,"href":"https:\/\/www.bibliotecadeseguranca.com.br\/fr\/wp-json\/wp\/v2\/categories?post=20977"},{"taxonomy":"post_tag","embeddable":true,"href":"https:\/\/www.bibliotecadeseguranca.com.br\/fr\/wp-json\/wp\/v2\/tags?post=20977"}],"curies":[{"name":"wp","href":"https:\/\/api.w.org\/{rel}","templated":true}]}}