{"id":20914,"date":"2025-09-26T14:00:18","date_gmt":"2025-09-26T17:00:18","guid":{"rendered":"https:\/\/www.bibliotecadeseguranca.com.br\/fr\/?p=20914"},"modified":"2025-09-26T13:57:37","modified_gmt":"2025-09-26T16:57:37","slug":"plan-daction-sur-la-cybersecurite","status":"publish","type":"post","link":"https:\/\/www.bibliotecadeseguranca.com.br\/fr\/livros\/plan-daction-sur-la-cybersecurite\/","title":{"rendered":"Plan d&#8217;Action sur la Cybers\u00e9curit\u00e9"},"content":{"rendered":"<p><span style=\"color: #003366;\"><strong><img loading=\"lazy\" decoding=\"async\" class=\"alignleft size-full wp-image-20915\" src=\"https:\/\/www.bibliotecadeseguranca.com.br\/fr\/wp-content\/uploads\/2025\/09\/plan-daction-sur-la-cybersecurite.jpg\" alt=\"Plan d'Action sur la Cybers\u00e9curit\u00e9\" width=\"145\" height=\"205\" srcset=\"https:\/\/www.bibliotecadeseguranca.com.br\/fr\/wp-content\/uploads\/2025\/09\/plan-daction-sur-la-cybersecurite.jpg 145w, https:\/\/www.bibliotecadeseguranca.com.br\/fr\/wp-content\/uploads\/2025\/09\/plan-daction-sur-la-cybersecurite-106x150.jpg 106w\" sizes=\"auto, (max-width: 145px) 100vw, 145px\" \/>D\u00e9partement de la S\u00e9curit\u00e9 Int\u00e9rieure &#8211; Canada<\/strong><\/span><\/p>\n<p><span style=\"color: #003366;\"><strong>R\u00e9sum\u00e9:<\/strong><\/span> S\u00e9curit\u00e9 publique Canada et le d\u00e9partement de la S\u00e9curit\u00e9 int\u00e9rieure (DHS) des \u00c9tats-Unis ont adopt\u00e9 une approche coordonn\u00e9e visant \u00e0 renforcer la r\u00e9silience de notre cyberinfrastructure. Le Plan d\u2019action sur la cybers\u00e9curit\u00e9 (Plan d\u2019action) mis en place par le Minist\u00e8re et le DHS vise \u00e0 accro\u00eetre la cybers\u00e9curit\u00e9 des deux nations, gr\u00e2ce \u00e0 une int\u00e9gration accrue des activit\u00e9s nationales de cybers\u00e9curit\u00e9 des deux pays et \u00e0 une collaboration am\u00e9lior\u00e9e avec le secteur priv\u00e9. Le Plan d\u2019action n\u2019est qu\u2019un exemple des nombreux efforts d\u00e9ploy\u00e9s par le Canada et les \u00c9tats\u2010Unis pour renforcer encore davantage la collaboration en mati\u00e8re de cybers\u00e9curit\u00e9, qui est d\u00e9j\u00e0 solide entre les deux pays.<br \/>\nComme Internet ne conna\u00eet pas de fronti\u00e8res, chaque pays a la responsabilit\u00e9 de pr\u00e9venir les perturbations cybern\u00e9tiques, d\u2019intervenir et de r\u00e9tablir les services le cas \u00e9ch\u00e9ant, et de rehausser la s\u00e9curit\u00e9 du monde virtuel pour tous les citoyens du monde. Le Canada et les \u00c9tats\u2010Unis, qui partagent des fronti\u00e8res physiques, ont int\u00e9r\u00eat \u00e0 travailler en partenariat \u00e0 la protection des infrastructures communes. Le Plan d\u2019action vise \u00e0 pr\u00e9senter une approche commune dans le but de concr\u00e9tiser la vision du Minist\u00e8re et du DHS, soit de travailler conjointement \u00e0 la d\u00e9fense et \u00e0 la protection de l\u2019usage du cyberespace, et \u00e0 l\u2019am\u00e9lioration de la r\u00e9silience des deux nations. Combin\u00e9s, les efforts d\u00e9ploy\u00e9s par les deux pays acc\u00e9l\u00e8rent la r\u00e9alisation des objectifs \u00e9nonc\u00e9s, par le pr\u00e9sident Obama et le premier ministre Harper, en f\u00e9vrier 2011, dans le cadre de la d\u00e9claration Par del\u00e0 la fronti\u00e8re : une vision commune de la s\u00e9curit\u00e9 du p\u00e9rim\u00e8tre et de la comp\u00e9titivit\u00e9 \u00e9conomique.<\/p>\n<p><a href=\"https:\/\/www.bibliotecadeseguranca.com.br\/wp-content\/uploads\/2025\/09\/plan-daction-sur-la-cybersecurite.pdf\" target=\"_blank\" rel=\"noopener\"><img loading=\"lazy\" decoding=\"async\" class=\"alignleft wp-image-12143 size-full\" src=\"https:\/\/www.bibliotecadeseguranca.com.br\/fr\/wp-content\/uploads\/2015\/03\/download_fr.gif\" alt=\"T\u00e9l\u00e9charger\" width=\"107\" height=\"25\" \/><\/a><\/p>\n","protected":false},"excerpt":{"rendered":"<p>D\u00e9partement de la S\u00e9curit\u00e9 Int\u00e9rieure &#8211; Canada R\u00e9sum\u00e9: S\u00e9curit\u00e9 publique Canada et le d\u00e9partement de la S\u00e9curit\u00e9 int\u00e9rieure (DHS) des \u00c9tats-Unis ont adopt\u00e9 une approche coordonn\u00e9e visant \u00e0 renforcer la r\u00e9silience de notre cyberinfrastructure. Le Plan d\u2019action sur la cybers\u00e9curit\u00e9 (Plan d\u2019action) mis en place par le Minist\u00e8re et le DHS vise \u00e0 accro\u00eetre la cybers\u00e9curit\u00e9 des deux nations, gr\u00e2ce \u00e0 une int\u00e9gration accrue des activit\u00e9s nationales de cybers\u00e9curit\u00e9 des&hellip; <\/p>\n","protected":false},"author":3,"featured_media":20915,"comment_status":"open","ping_status":"closed","sticky":false,"template":"","format":"standard","meta":{"footnotes":""},"categories":[109,6,20,112],"tags":[],"class_list":["post-20914","post","type-post","status-publish","format-standard","has-post-thumbnail","hentry","category-francais","category-livros","category-seguranca-da-informacao","category-download"],"views":118,"_links":{"self":[{"href":"https:\/\/www.bibliotecadeseguranca.com.br\/fr\/wp-json\/wp\/v2\/posts\/20914","targetHints":{"allow":["GET"]}}],"collection":[{"href":"https:\/\/www.bibliotecadeseguranca.com.br\/fr\/wp-json\/wp\/v2\/posts"}],"about":[{"href":"https:\/\/www.bibliotecadeseguranca.com.br\/fr\/wp-json\/wp\/v2\/types\/post"}],"author":[{"embeddable":true,"href":"https:\/\/www.bibliotecadeseguranca.com.br\/fr\/wp-json\/wp\/v2\/users\/3"}],"replies":[{"embeddable":true,"href":"https:\/\/www.bibliotecadeseguranca.com.br\/fr\/wp-json\/wp\/v2\/comments?post=20914"}],"version-history":[{"count":1,"href":"https:\/\/www.bibliotecadeseguranca.com.br\/fr\/wp-json\/wp\/v2\/posts\/20914\/revisions"}],"predecessor-version":[{"id":20916,"href":"https:\/\/www.bibliotecadeseguranca.com.br\/fr\/wp-json\/wp\/v2\/posts\/20914\/revisions\/20916"}],"wp:featuredmedia":[{"embeddable":true,"href":"https:\/\/www.bibliotecadeseguranca.com.br\/fr\/wp-json\/wp\/v2\/media\/20915"}],"wp:attachment":[{"href":"https:\/\/www.bibliotecadeseguranca.com.br\/fr\/wp-json\/wp\/v2\/media?parent=20914"}],"wp:term":[{"taxonomy":"category","embeddable":true,"href":"https:\/\/www.bibliotecadeseguranca.com.br\/fr\/wp-json\/wp\/v2\/categories?post=20914"},{"taxonomy":"post_tag","embeddable":true,"href":"https:\/\/www.bibliotecadeseguranca.com.br\/fr\/wp-json\/wp\/v2\/tags?post=20914"}],"curies":[{"name":"wp","href":"https:\/\/api.w.org\/{rel}","templated":true}]}}