{"id":20813,"date":"2025-08-25T14:00:23","date_gmt":"2025-08-25T17:00:23","guid":{"rendered":"https:\/\/www.bibliotecadeseguranca.com.br\/fr\/?p=20813"},"modified":"2025-08-25T12:46:07","modified_gmt":"2025-08-25T15:46:07","slug":"revista-prelecao-ano-i-n-12","status":"publish","type":"post","link":"https:\/\/www.bibliotecadeseguranca.com.br\/fr\/periodicos-de-seguranca\/revista-prelecao-ano-i-n-12\/","title":{"rendered":"Revista Prele\u00e7\u00e3o \u2013 Ano I \u2013 N\u00b0 12"},"content":{"rendered":"<p><span style=\"color: #003366;\"><strong><img loading=\"lazy\" decoding=\"async\" class=\"alignleft size-full wp-image-20814\" src=\"https:\/\/www.bibliotecadeseguranca.com.br\/fr\/wp-content\/uploads\/2025\/08\/revista-prelecao-ano-i-n-12.jpg\" alt=\"Revista Prele\u00e7\u00e3o \u2013 Ano I \u2013 N\u00b0 12\" width=\"145\" height=\"202\" srcset=\"https:\/\/www.bibliotecadeseguranca.com.br\/fr\/wp-content\/uploads\/2025\/08\/revista-prelecao-ano-i-n-12.jpg 145w, https:\/\/www.bibliotecadeseguranca.com.br\/fr\/wp-content\/uploads\/2025\/08\/revista-prelecao-ano-i-n-12-108x150.jpg 108w\" sizes=\"auto, (max-width: 145px) 100vw, 145px\" \/>Pol\u00edcia Militar do Estado do Esp\u00edrito Santo<\/strong><\/span><\/p>\n<p><span style=\"color: #003366;\"><strong>R\u00e9sum\u00e9:<\/strong><\/span> Neste ano o Brasil viu-se sacudido por manifesta\u00e7\u00f5es populares que, a partir de simb\u00f3licos vinte centavos, clamaram por um pa\u00eds melhor. No epicentro dessas manifesta\u00e7\u00f5es estava a pol\u00edcia militar. Ao mesmo tempo em que procurava cumprir sua miss\u00e3o constitucional de preservar a ordem p\u00fablica, a pol\u00edcia via-se tamb\u00e9m questionada em seu modo de atuar e nos m\u00e9todos que utilizava para controlar as manifesta\u00e7\u00f5es e restabelecer a ordem.<br \/>\nEventos dessa natureza comprovam a complexidade do servi\u00e7o policial e sugerem um repensar sobre a legitimidade e o trabalho da pol\u00edcia em sociedades democr\u00e1ticas. Nesse sentido, h\u00e1 sete anos a revista Prele\u00e7\u00e3o vem contribuindo para a divulga\u00e7\u00e3o de ideias, conceitos e formas de se pensar uma seguran\u00e7a p\u00fablica alinhada e compat\u00edvel com os preceitos de um Estado Democr\u00e1tico de Direito.<br \/>\nO ano de 2013 tamb\u00e9m marca os 30 anos de presen\u00e7a feminina na Pol\u00edcia Militar do Esp\u00edrito Santo e, como consequ\u00eancia, a passagem \u00e0 reserva remunerada da Coronel RR Sonia do Carmo Grob\u00e9rio, idealizadora da Revista Prele\u00e7\u00e3o.<br \/>\nNesta 12\u00aa edi\u00e7\u00e3o, a Revista Prele\u00e7\u00e3o homenageia quem idealizou e fez com que a Pol\u00edcia Militar do Esp\u00edrito Santo contasse com um ve\u00edculo de divulga\u00e7\u00e3o cient\u00edfica de assuntos da seguran\u00e7a p\u00fablica. Pelos esfor\u00e7os pessoais da Coronel RR Sonia do Carmo Grob\u00e9rio, a primeira edi\u00e7\u00e3o desta revista foi lan\u00e7ada no ano de 2007. Desde ent\u00e3o, sempre integrando o Conselho Editorial, a ilustre Oficial esteve presente nos esfor\u00e7os para a continuidade e melhoria na qualidade tanto dos aspectos gr\u00e1ficos da revista como tamb\u00e9m dos artigos nela publicados.<br \/>\nO pioneirismo n\u00e3o \u00e9 qualidade que se mostra apenas na idealiza\u00e7\u00e3o de uma revista cient\u00edfica como esta. A Coronel Sonia integrou a primeira turma de policiais militares femininas, conhecidas carinhosamente como \u201cas pioneiras\u201d, pois foi apenas a partir de 1983 que a mulher passou a compor as fileiras da PMES. Em trinta anos de carreira na Pol\u00edcia Militar, a Coronel Sonia destacou-se por sua compet\u00eancia, dinamismo e dedica\u00e7\u00e3o ao servi\u00e7o policial.<br \/>\nNeste ano de passagem \u00e0 reserva remunerada, \u00e9 com profunda gratid\u00e3o que o atual Conselho Editorial lhe rende esta singela homenagem e deseja-lhe sucesso nessa nova etapa de sua vida. Esperamos contar, ainda durante muito tempo, com a sua presen\u00e7a na Revista Prele\u00e7\u00e3o, elevando a discuss\u00e3o sobre a seguran\u00e7a p\u00fablica e (re)pensando uma pol\u00edcia cidad\u00e3 e comunit\u00e1ria para o Esp\u00edrito Santo.<\/p>\n<p><a href=\"https:\/\/www.bibliotecadeseguranca.com.br\/wp-content\/uploads\/2025\/08\/revista-prelecao-ano-i-n-12.pdf\" target=\"_blank\" rel=\"noopener\"><img loading=\"lazy\" decoding=\"async\" class=\"alignleft wp-image-12143 size-full\" src=\"https:\/\/www.bibliotecadeseguranca.com.br\/fr\/wp-content\/uploads\/2015\/03\/download_fr.gif\" alt=\"T\u00e9l\u00e9charger\" width=\"107\" height=\"25\" \/><\/a><\/p>\n","protected":false},"excerpt":{"rendered":"<p>Pol\u00edcia Militar do Estado do Esp\u00edrito Santo R\u00e9sum\u00e9: Neste ano o Brasil viu-se sacudido por manifesta\u00e7\u00f5es populares que, a partir de simb\u00f3licos vinte centavos, clamaram por um pa\u00eds melhor. No epicentro dessas manifesta\u00e7\u00f5es estava a pol\u00edcia militar. Ao mesmo tempo em que procurava cumprir sua miss\u00e3o constitucional de preservar a ordem p\u00fablica, a pol\u00edcia via-se tamb\u00e9m questionada em seu modo de atuar e nos m\u00e9todos que utilizava para controlar as&hellip; <\/p>\n","protected":false},"author":3,"featured_media":20814,"comment_status":"open","ping_status":"closed","sticky":false,"template":"","format":"standard","meta":{"footnotes":""},"categories":[129,71,112],"tags":[],"class_list":["post-20813","post","type-post","status-publish","format-standard","has-post-thumbnail","hentry","category-revista-prelecao","category-periodicos-de-seguranca","category-download"],"views":107,"_links":{"self":[{"href":"https:\/\/www.bibliotecadeseguranca.com.br\/fr\/wp-json\/wp\/v2\/posts\/20813","targetHints":{"allow":["GET"]}}],"collection":[{"href":"https:\/\/www.bibliotecadeseguranca.com.br\/fr\/wp-json\/wp\/v2\/posts"}],"about":[{"href":"https:\/\/www.bibliotecadeseguranca.com.br\/fr\/wp-json\/wp\/v2\/types\/post"}],"author":[{"embeddable":true,"href":"https:\/\/www.bibliotecadeseguranca.com.br\/fr\/wp-json\/wp\/v2\/users\/3"}],"replies":[{"embeddable":true,"href":"https:\/\/www.bibliotecadeseguranca.com.br\/fr\/wp-json\/wp\/v2\/comments?post=20813"}],"version-history":[{"count":1,"href":"https:\/\/www.bibliotecadeseguranca.com.br\/fr\/wp-json\/wp\/v2\/posts\/20813\/revisions"}],"predecessor-version":[{"id":20815,"href":"https:\/\/www.bibliotecadeseguranca.com.br\/fr\/wp-json\/wp\/v2\/posts\/20813\/revisions\/20815"}],"wp:featuredmedia":[{"embeddable":true,"href":"https:\/\/www.bibliotecadeseguranca.com.br\/fr\/wp-json\/wp\/v2\/media\/20814"}],"wp:attachment":[{"href":"https:\/\/www.bibliotecadeseguranca.com.br\/fr\/wp-json\/wp\/v2\/media?parent=20813"}],"wp:term":[{"taxonomy":"category","embeddable":true,"href":"https:\/\/www.bibliotecadeseguranca.com.br\/fr\/wp-json\/wp\/v2\/categories?post=20813"},{"taxonomy":"post_tag","embeddable":true,"href":"https:\/\/www.bibliotecadeseguranca.com.br\/fr\/wp-json\/wp\/v2\/tags?post=20813"}],"curies":[{"name":"wp","href":"https:\/\/api.w.org\/{rel}","templated":true}]}}