{"id":20797,"date":"2025-08-18T14:00:39","date_gmt":"2025-08-18T17:00:39","guid":{"rendered":"https:\/\/www.bibliotecadeseguranca.com.br\/fr\/?p=20797"},"modified":"2025-08-18T12:37:58","modified_gmt":"2025-08-18T15:37:58","slug":"gestao-de-protecao-e-vigilancia-patrimonial","status":"publish","type":"post","link":"https:\/\/www.bibliotecadeseguranca.com.br\/fr\/livros\/gestao-de-protecao-e-vigilancia-patrimonial\/","title":{"rendered":"Gest\u00e3o de Prote\u00e7\u00e3o e Vigil\u00e2ncia Patrimonial"},"content":{"rendered":"<p><span style=\"color: #003366;\"><strong><img loading=\"lazy\" decoding=\"async\" class=\"alignleft size-full wp-image-20798\" src=\"https:\/\/www.bibliotecadeseguranca.com.br\/fr\/wp-content\/uploads\/2025\/08\/gestao-de-protecao-e-vigilancia-patrimonial.jpg\" alt=\"Gest\u00e3o de Prote\u00e7\u00e3o e Vigil\u00e2ncia Patrimonial\" width=\"145\" height=\"217\" srcset=\"https:\/\/www.bibliotecadeseguranca.com.br\/fr\/wp-content\/uploads\/2025\/08\/gestao-de-protecao-e-vigilancia-patrimonial.jpg 145w, https:\/\/www.bibliotecadeseguranca.com.br\/fr\/wp-content\/uploads\/2025\/08\/gestao-de-protecao-e-vigilancia-patrimonial-100x150.jpg 100w\" sizes=\"auto, (max-width: 145px) 100vw, 145px\" \/>Claudionor Agibert<\/strong><\/span><\/p>\n<p><span style=\"color: #003366;\"><strong>Maison d&#8217;\u00e9dition Intersaberes<\/strong><\/span><\/p>\n<p><span style=\"color: #003366;\"><strong>R\u00e9sum\u00e9:<\/strong><\/span> Este livro traz reflex\u00f5es acerca dos diversos aspectos da quest\u00e3o de seguran\u00e7a p\u00fablica e privada, tra\u00e7ando um hist\u00f3rico da seguran\u00e7a patrimonial e direcionando suas discuss\u00f5es para a legisla\u00e7\u00e3o relacionada. Apresentando conceitos e princ\u00edpios importantes, a obra trata da prote\u00e7\u00e3o perimetral, do servi\u00e7o de vigil\u00e2ncia, da identifica\u00e7\u00e3o do controle interno e da gest\u00e3o de crises e emerg\u00eancias.<\/p>\n","protected":false},"excerpt":{"rendered":"<p>Claudionor Agibert Maison d&#8217;\u00e9dition Intersaberes R\u00e9sum\u00e9: Este livro traz reflex\u00f5es acerca dos diversos aspectos da quest\u00e3o de seguran\u00e7a p\u00fablica e privada, tra\u00e7ando um hist\u00f3rico da seguran\u00e7a patrimonial e direcionando suas discuss\u00f5es para a legisla\u00e7\u00e3o relacionada. Apresentando conceitos e princ\u00edpios importantes, a obra trata da prote\u00e7\u00e3o perimetral, do servi\u00e7o de vigil\u00e2ncia, da identifica\u00e7\u00e3o do controle interno e da gest\u00e3o de crises e emerg\u00eancias.<\/p>\n","protected":false},"author":3,"featured_media":20798,"comment_status":"open","ping_status":"closed","sticky":false,"template":"","format":"standard","meta":{"footnotes":""},"categories":[23,6],"tags":[],"class_list":["post-20797","post","type-post","status-publish","format-standard","has-post-thumbnail","hentry","category-gestao-da-seguranca-empresarial","category-livros"],"views":135,"_links":{"self":[{"href":"https:\/\/www.bibliotecadeseguranca.com.br\/fr\/wp-json\/wp\/v2\/posts\/20797","targetHints":{"allow":["GET"]}}],"collection":[{"href":"https:\/\/www.bibliotecadeseguranca.com.br\/fr\/wp-json\/wp\/v2\/posts"}],"about":[{"href":"https:\/\/www.bibliotecadeseguranca.com.br\/fr\/wp-json\/wp\/v2\/types\/post"}],"author":[{"embeddable":true,"href":"https:\/\/www.bibliotecadeseguranca.com.br\/fr\/wp-json\/wp\/v2\/users\/3"}],"replies":[{"embeddable":true,"href":"https:\/\/www.bibliotecadeseguranca.com.br\/fr\/wp-json\/wp\/v2\/comments?post=20797"}],"version-history":[{"count":1,"href":"https:\/\/www.bibliotecadeseguranca.com.br\/fr\/wp-json\/wp\/v2\/posts\/20797\/revisions"}],"predecessor-version":[{"id":20799,"href":"https:\/\/www.bibliotecadeseguranca.com.br\/fr\/wp-json\/wp\/v2\/posts\/20797\/revisions\/20799"}],"wp:featuredmedia":[{"embeddable":true,"href":"https:\/\/www.bibliotecadeseguranca.com.br\/fr\/wp-json\/wp\/v2\/media\/20798"}],"wp:attachment":[{"href":"https:\/\/www.bibliotecadeseguranca.com.br\/fr\/wp-json\/wp\/v2\/media?parent=20797"}],"wp:term":[{"taxonomy":"category","embeddable":true,"href":"https:\/\/www.bibliotecadeseguranca.com.br\/fr\/wp-json\/wp\/v2\/categories?post=20797"},{"taxonomy":"post_tag","embeddable":true,"href":"https:\/\/www.bibliotecadeseguranca.com.br\/fr\/wp-json\/wp\/v2\/tags?post=20797"}],"curies":[{"name":"wp","href":"https:\/\/api.w.org\/{rel}","templated":true}]}}