{"id":20742,"date":"2025-07-25T14:00:49","date_gmt":"2025-07-25T17:00:49","guid":{"rendered":"https:\/\/www.bibliotecadeseguranca.com.br\/fr\/?p=20742"},"modified":"2025-07-25T13:30:09","modified_gmt":"2025-07-25T16:30:09","slug":"les-agents-prives-de-securite","status":"publish","type":"post","link":"https:\/\/www.bibliotecadeseguranca.com.br\/fr\/livros\/les-agents-prives-de-securite\/","title":{"rendered":"Les Agents Priv\u00e9s de S\u00e9curit\u00e9"},"content":{"rendered":"<p><span style=\"color: #003366;\"><strong><img loading=\"lazy\" decoding=\"async\" class=\"alignleft size-full wp-image-20743\" src=\"https:\/\/www.bibliotecadeseguranca.com.br\/fr\/wp-content\/uploads\/2025\/07\/les-agents-prives-de-securite.jpg\" alt=\"Les Agents Priv\u00e9s de S\u00e9curit\u00e9\" width=\"145\" height=\"205\" srcset=\"https:\/\/www.bibliotecadeseguranca.com.br\/fr\/wp-content\/uploads\/2025\/07\/les-agents-prives-de-securite.jpg 145w, https:\/\/www.bibliotecadeseguranca.com.br\/fr\/wp-content\/uploads\/2025\/07\/les-agents-prives-de-securite-106x150.jpg 106w\" sizes=\"auto, (max-width: 145px) 100vw, 145px\" \/>Christophe Aubertin, Xavier Latour<\/strong><\/span><\/p>\n<p><span style=\"color: #003366;\"><strong>Maison d&#8217;\u00e9dition Mare et Martin<\/strong><\/span><\/p>\n<p><span style=\"color: #003366;\"><strong>R\u00e9sum\u00e9:<\/strong><\/span> La s\u00e9curit\u00e9 priv\u00e9e n&#8217;est pas d\u00e9localisable. Elle constitue, au contraire, une industrie de main d&#8217;oeuvre compos\u00e9e de femmes et d&#8217;hommes d\u00e9vou\u00e9s \u00e0 leur entreprise autant qu&#8217;au service de la collectivit\u00e9. L&#8217;agent priv\u00e9 de s\u00e9curit\u00e9 pr\u00e9sente plusieurs particularit\u00e9s. En exer\u00e7ant une activit\u00e9 r\u00e9glement\u00e9e, l&#8217;agent n&#8217;est pas un salari\u00e9 comme un autre.<br \/>\nSalari\u00e9, il se met au service d&#8217;une entreprise. Il s&#8217;inscrit, par voie de cons\u00e9quence, dans une relation \u00e9conomique. Il se voit confier une prestation valorisable dont le succ\u00e8s ou l&#8217;\u00e9chec aura un impact sur son employeur. Sur le fondement de son contrat de travail, il re\u00e7oit une r\u00e9mun\u00e9ration dont la p\u00e9rennit\u00e9 d\u00e9pend de la bonne sant\u00e9 de l&#8217;entreprise.<br \/>\nAu service de la s\u00e9curit\u00e9, l&#8217;agent sert un double int\u00e9r\u00eat. Le plus souvent, la prestation a une dimension priv\u00e9e (client priv\u00e9 et prestataire priv\u00e9 par exemple). Sous cet angle, il participe \u00e0 la satisfaction d&#8217;un int\u00e9r\u00eat particulier. Dans cette hypoth\u00e8se, mais plus encore lorsqu&#8217;il intervient en relation avec les forces publiques de s\u00e9curit\u00e9, l&#8217;agent s&#8217;int\u00e8gre dans un continuum de s\u00e9curit\u00e9 qui en fait un acteur \u00e0 part enti\u00e8re de la satisfaction de l&#8217;int\u00e9r\u00eat g\u00e9n\u00e9ral.<\/p>\n","protected":false},"excerpt":{"rendered":"<p>Christophe Aubertin, Xavier Latour Maison d&#8217;\u00e9dition Mare et Martin R\u00e9sum\u00e9: La s\u00e9curit\u00e9 priv\u00e9e n&#8217;est pas d\u00e9localisable. Elle constitue, au contraire, une industrie de main d&#8217;oeuvre compos\u00e9e de femmes et d&#8217;hommes d\u00e9vou\u00e9s \u00e0 leur entreprise autant qu&#8217;au service de la collectivit\u00e9. L&#8217;agent priv\u00e9 de s\u00e9curit\u00e9 pr\u00e9sente plusieurs particularit\u00e9s. En exer\u00e7ant une activit\u00e9 r\u00e9glement\u00e9e, l&#8217;agent n&#8217;est pas un salari\u00e9 comme un autre. Salari\u00e9, il se met au service d&#8217;une entreprise. Il s&#8217;inscrit,&hellip; <\/p>\n","protected":false},"author":3,"featured_media":20743,"comment_status":"open","ping_status":"closed","sticky":false,"template":"","format":"standard","meta":{"footnotes":""},"categories":[109,23,6],"tags":[],"class_list":["post-20742","post","type-post","status-publish","format-standard","has-post-thumbnail","hentry","category-francais","category-gestao-da-seguranca-empresarial","category-livros"],"views":122,"_links":{"self":[{"href":"https:\/\/www.bibliotecadeseguranca.com.br\/fr\/wp-json\/wp\/v2\/posts\/20742","targetHints":{"allow":["GET"]}}],"collection":[{"href":"https:\/\/www.bibliotecadeseguranca.com.br\/fr\/wp-json\/wp\/v2\/posts"}],"about":[{"href":"https:\/\/www.bibliotecadeseguranca.com.br\/fr\/wp-json\/wp\/v2\/types\/post"}],"author":[{"embeddable":true,"href":"https:\/\/www.bibliotecadeseguranca.com.br\/fr\/wp-json\/wp\/v2\/users\/3"}],"replies":[{"embeddable":true,"href":"https:\/\/www.bibliotecadeseguranca.com.br\/fr\/wp-json\/wp\/v2\/comments?post=20742"}],"version-history":[{"count":1,"href":"https:\/\/www.bibliotecadeseguranca.com.br\/fr\/wp-json\/wp\/v2\/posts\/20742\/revisions"}],"predecessor-version":[{"id":20744,"href":"https:\/\/www.bibliotecadeseguranca.com.br\/fr\/wp-json\/wp\/v2\/posts\/20742\/revisions\/20744"}],"wp:featuredmedia":[{"embeddable":true,"href":"https:\/\/www.bibliotecadeseguranca.com.br\/fr\/wp-json\/wp\/v2\/media\/20743"}],"wp:attachment":[{"href":"https:\/\/www.bibliotecadeseguranca.com.br\/fr\/wp-json\/wp\/v2\/media?parent=20742"}],"wp:term":[{"taxonomy":"category","embeddable":true,"href":"https:\/\/www.bibliotecadeseguranca.com.br\/fr\/wp-json\/wp\/v2\/categories?post=20742"},{"taxonomy":"post_tag","embeddable":true,"href":"https:\/\/www.bibliotecadeseguranca.com.br\/fr\/wp-json\/wp\/v2\/tags?post=20742"}],"curies":[{"name":"wp","href":"https:\/\/api.w.org\/{rel}","templated":true}]}}