{"id":20717,"date":"2025-07-14T14:00:38","date_gmt":"2025-07-14T17:00:38","guid":{"rendered":"https:\/\/www.bibliotecadeseguranca.com.br\/fr\/?p=20717"},"modified":"2025-07-14T13:26:02","modified_gmt":"2025-07-14T16:26:02","slug":"revista-fenavist-abril-2025","status":"publish","type":"post","link":"https:\/\/www.bibliotecadeseguranca.com.br\/fr\/periodicos-de-seguranca\/revista-fenavist-abril-2025\/","title":{"rendered":"Revista Fenavist \u2013 Abril 2025"},"content":{"rendered":"<p><span style=\"color: #003366;\"><strong><img loading=\"lazy\" decoding=\"async\" class=\"alignleft size-full wp-image-20718\" src=\"https:\/\/www.bibliotecadeseguranca.com.br\/fr\/wp-content\/uploads\/2025\/07\/revista-fenavist-abril-2025.jpg\" alt=\"Revista Fenavist \u2013 Abril 2025\" width=\"145\" height=\"195\" srcset=\"https:\/\/www.bibliotecadeseguranca.com.br\/fr\/wp-content\/uploads\/2025\/07\/revista-fenavist-abril-2025.jpg 145w, https:\/\/www.bibliotecadeseguranca.com.br\/fr\/wp-content\/uploads\/2025\/07\/revista-fenavist-abril-2025-112x150.jpg 112w\" sizes=\"auto, (max-width: 145px) 100vw, 145px\" \/>R\u00e9sum\u00e9:<\/strong><\/span> Uma sociedade mais justa e igualit\u00e1ria \u00e9 uma sociedade mais segura<\/p>\n<p>Come\u00e7amos 2025 da mesma forma que encerramos o ano passado: esperan\u00e7osos. A aprova\u00e7\u00e3o e san\u00e7\u00e3o do Estatuto da Seguran\u00e7a Privada renovaram nossas energias. Foi uma vit\u00f3ria conquistada, como diria a sabedoria popular, &#8220;na unha&#8221;. Demorou quase quinze anos a longa jornada que culminou com a Lei n\u00ba 14.967\/2024, uma das legisla\u00e7\u00f5es mais modernas e completas do mundo.<br \/>\nVale destacar que a aprova\u00e7\u00e3o n\u00e3o seria poss\u00edvel sem a participa\u00e7\u00e3o fundamental de dois grandes personagens, o vice-presidente da Fenavist para Assuntos Jur\u00eddicos, Jacymar Dalcamini e a assessora parlamentar da Federa\u00e7\u00e3o, Cl\u00e9ria Santos. Nos \u00faltimos anos de tramita\u00e7\u00e3o da nova lei, eles, praticamente, moraram no congresso Nacional.<br \/>\nPara que o Estatuto alcance todo o seu potencial, no entanto, \u00e9 necess\u00e1ria a publica\u00e7\u00e3o do decreto regulamentador pelo Minist\u00e9rio da Justi\u00e7a. Essa normativa definir\u00e1 os detalhes sobre o modo como os atores do segmento deve se comportar. Sem o decreto, apesar de a nova lei j\u00e1 estar em vigor, muitas das disposi\u00e7\u00f5es n\u00e3o podem ser aplicadas nem desenvolvidas.<br \/>\nPor isso, redobramos nossa atua\u00e7\u00e3o no Minist\u00e9rio da Justi\u00e7a e na Pol\u00edcia Federal. Ao lado dos trabalhadores e das institui\u00e7\u00f5es financeiras, temos pressionado para que haja a publica\u00e7\u00e3o imediata do decreto, o que esperamos que aconte\u00e7a em breve.<br \/>\nAs mudan\u00e7as promovidas pela nova legisla\u00e7\u00e3o v\u00e3o muito al\u00e9m da forma como o servi\u00e7o deve ser prestado, uma vez que ele impacta v\u00e1rios aspectos da sociedade. Ao estabelecer multas que podem chegar a R$ 30.000,00, al\u00e9m de penalidades como interdi\u00e7\u00e3o e cancelamento de autoriza\u00e7\u00e3o de funcionamento em casos de discrimina\u00e7\u00e3o por preconceitos de origem, ra\u00e7a, sexo, cor, idade, a Lei n\u00ba 14.967\/2024 nos auxilia no combate ao racismo estrutural.<br \/>\nEssa modifica\u00e7\u00e3o, algo que buscamos durante todo o processo legislativo, enche-nos de orgulho. \u00c9 mais um ponto de apoio para que nossa caminhada rumo a uma seguran\u00e7a sem preconceitos seja vitoriosa.<br \/>\nNesse sentido, a Fenavist participou recentemente do lan\u00e7amento do &#8220;Movimento Diversidade, Sim! Em defesa e fortalecimento das Pol\u00edticas de Diversidade, Equidade e Inclus\u00e3o nos ambientes p\u00fablicos e privados&#8221;, promovido pela Universidade Zumbi dos Palmares. Afinal, uma sociedade mais justa e igualit\u00e1ria, sem d\u00favida, uma sociedade mais segura.<br \/>\nNossa vontade de mudar, transformar, melhorar, evoluir n\u00e3o para. Excluir do texto do Estatuto da Seguran\u00e7a Privada a quest\u00e3o do aprendiz na atividade precisa ser uma medida urgente. \u00c9 necess\u00e1rio que as especificidades das atividades sejam consideradas pelo legislador.<br \/>\nEstamos trabalhando para que, o mais breve poss\u00edvel, possamos apresentar no Congresso Nacional um Projeto de Lei que corrija injusti\u00e7as que nossas empresas t\u00eam enfrentado, como multas e san\u00e7\u00f5es por n\u00e3o conseguirem atender, pelas caracter\u00edsticas da atividade, \u00e0s exig\u00eancias da legisla\u00e7\u00e3o em vigor.<br \/>\nCom a mesma garra e determina\u00e7\u00e3o que nos levaram \u00e0 aprova\u00e7\u00e3o do Estatuto da Seguran\u00e7a Privada, vamos vencer mais essa batalha e grantir as modifica\u00e7\u00f5es necess\u00e1rias na quest\u00e3o do aprendiz no segmento.Vamos em frente, o futuro depende de n\u00f3s!<\/p>\n<p>Juntos, somos mais fortes!<\/p>\n<p>Jeferson Naz\u00e1rio<br \/>\nPresidente da Fenavist<\/p>\n<p><a href=\"https:\/\/www.bibliotecadeseguranca.com.br\/wp-content\/uploads\/2025\/07\/revista-fenavist-abril-2025.pdf\" target=\"_blank\" rel=\"noopener\"><img loading=\"lazy\" decoding=\"async\" class=\"alignleft wp-image-12143 size-full\" src=\"https:\/\/www.bibliotecadeseguranca.com.br\/fr\/wp-content\/uploads\/2015\/03\/download_fr.gif\" alt=\"T\u00e9l\u00e9charger\" width=\"107\" height=\"25\" \/><\/a><\/p>\n","protected":false},"excerpt":{"rendered":"<p>R\u00e9sum\u00e9: Uma sociedade mais justa e igualit\u00e1ria \u00e9 uma sociedade mais segura Come\u00e7amos 2025 da mesma forma que encerramos o ano passado: esperan\u00e7osos. A aprova\u00e7\u00e3o e san\u00e7\u00e3o do Estatuto da Seguran\u00e7a Privada renovaram nossas energias. Foi uma vit\u00f3ria conquistada, como diria a sabedoria popular, &#8220;na unha&#8221;. Demorou quase quinze anos a longa jornada que culminou com a Lei n\u00ba 14.967\/2024, uma das legisla\u00e7\u00f5es mais modernas e completas do mundo. Vale&hellip; <\/p>\n","protected":false},"author":3,"featured_media":20718,"comment_status":"open","ping_status":"closed","sticky":false,"template":"","format":"standard","meta":{"footnotes":""},"categories":[124,71,112],"tags":[],"class_list":["post-20717","post","type-post","status-publish","format-standard","has-post-thumbnail","hentry","category-revista-fenavist","category-periodicos-de-seguranca","category-download"],"views":140,"_links":{"self":[{"href":"https:\/\/www.bibliotecadeseguranca.com.br\/fr\/wp-json\/wp\/v2\/posts\/20717","targetHints":{"allow":["GET"]}}],"collection":[{"href":"https:\/\/www.bibliotecadeseguranca.com.br\/fr\/wp-json\/wp\/v2\/posts"}],"about":[{"href":"https:\/\/www.bibliotecadeseguranca.com.br\/fr\/wp-json\/wp\/v2\/types\/post"}],"author":[{"embeddable":true,"href":"https:\/\/www.bibliotecadeseguranca.com.br\/fr\/wp-json\/wp\/v2\/users\/3"}],"replies":[{"embeddable":true,"href":"https:\/\/www.bibliotecadeseguranca.com.br\/fr\/wp-json\/wp\/v2\/comments?post=20717"}],"version-history":[{"count":1,"href":"https:\/\/www.bibliotecadeseguranca.com.br\/fr\/wp-json\/wp\/v2\/posts\/20717\/revisions"}],"predecessor-version":[{"id":20719,"href":"https:\/\/www.bibliotecadeseguranca.com.br\/fr\/wp-json\/wp\/v2\/posts\/20717\/revisions\/20719"}],"wp:featuredmedia":[{"embeddable":true,"href":"https:\/\/www.bibliotecadeseguranca.com.br\/fr\/wp-json\/wp\/v2\/media\/20718"}],"wp:attachment":[{"href":"https:\/\/www.bibliotecadeseguranca.com.br\/fr\/wp-json\/wp\/v2\/media?parent=20717"}],"wp:term":[{"taxonomy":"category","embeddable":true,"href":"https:\/\/www.bibliotecadeseguranca.com.br\/fr\/wp-json\/wp\/v2\/categories?post=20717"},{"taxonomy":"post_tag","embeddable":true,"href":"https:\/\/www.bibliotecadeseguranca.com.br\/fr\/wp-json\/wp\/v2\/tags?post=20717"}],"curies":[{"name":"wp","href":"https:\/\/api.w.org\/{rel}","templated":true}]}}