{"id":20711,"date":"2025-07-11T14:00:27","date_gmt":"2025-07-11T17:00:27","guid":{"rendered":"https:\/\/www.bibliotecadeseguranca.com.br\/fr\/?p=20711"},"modified":"2025-07-11T12:54:26","modified_gmt":"2025-07-11T15:54:26","slug":"la-regulacion-de-los-servicios-privados-de-seguridad","status":"publish","type":"post","link":"https:\/\/www.bibliotecadeseguranca.com.br\/fr\/livros\/la-regulacion-de-los-servicios-privados-de-seguridad\/","title":{"rendered":"La Regulaci\u00f3n de los Servicios Privados de Seguridad"},"content":{"rendered":"<p><span style=\"color: #003366;\"><strong><img loading=\"lazy\" decoding=\"async\" class=\"alignleft size-full wp-image-20712\" src=\"https:\/\/www.bibliotecadeseguranca.com.br\/fr\/wp-content\/uploads\/2025\/07\/la-regulacion-de-los-servicios-privados-de-seguridad.jpg\" alt=\"La Regulaci\u00f3n de los Servicios Privados de Seguridad\" width=\"145\" height=\"205\" srcset=\"https:\/\/www.bibliotecadeseguranca.com.br\/fr\/wp-content\/uploads\/2025\/07\/la-regulacion-de-los-servicios-privados-de-seguridad.jpg 145w, https:\/\/www.bibliotecadeseguranca.com.br\/fr\/wp-content\/uploads\/2025\/07\/la-regulacion-de-los-servicios-privados-de-seguridad-106x150.jpg 106w\" sizes=\"auto, (max-width: 145px) 100vw, 145px\" \/>Daniel Terr\u00f3n Santos<\/strong><\/span><\/p>\n<p><span style=\"color: #003366;\"><strong>Maison d&#8217;\u00e9dition Aranzadi<\/strong><\/span><\/p>\n<p><span style=\"color: #003366;\"><strong>R\u00e9sum\u00e9:<\/strong><\/span> A todas luces era necesario llevar a cabo un estudio de la cuesti\u00f3n que no fuera un simple comentario a la ley. Se requer\u00eda evaluar la nueva concepci\u00f3n de la seguridad y, por supuesto, centrarse en los nuevos sujetos prestadores, que responden a las demandas sociales en la materia. Cierto es que no hemos querido, tampoco podr\u00edamos, olvidarnos de los sujetos y servicios cl\u00e1sicos, pero vistos desde una perspectiva m\u00e1s innovadora, que los contempla m\u00e1s como un complemento a la actual configuraci\u00f3n del sector, lejos de su visi\u00f3n tradicional como eje del mismo. Destacamos la figura del Director de Seguridad y del Detective, ciertamente denostadas, pero de un potencial y validez m\u00e1s que cierto, contrastado podr\u00edamos decir, en relaci\u00f3n a la seguridad hoy en d\u00eda. Tambi\u00e9n analizamos la nueva configuraci\u00f3n del guarda rural, en la vuelta a sus or\u00edgenes, pero con nuevas funciones sobre el r\u00e9gimen cineg\u00e9tico, espacios de pesca fluvial, acuicultura o zonas mar\u00edtimas con fines pesqueros.<\/p>\n","protected":false},"excerpt":{"rendered":"<p>Daniel Terr\u00f3n Santos Maison d&#8217;\u00e9dition Aranzadi R\u00e9sum\u00e9: A todas luces era necesario llevar a cabo un estudio de la cuesti\u00f3n que no fuera un simple comentario a la ley. Se requer\u00eda evaluar la nueva concepci\u00f3n de la seguridad y, por supuesto, centrarse en los nuevos sujetos prestadores, que responden a las demandas sociales en la materia. Cierto es que no hemos querido, tampoco podr\u00edamos, olvidarnos de los sujetos y servicios&hellip; <\/p>\n","protected":false},"author":3,"featured_media":20712,"comment_status":"open","ping_status":"closed","sticky":false,"template":"","format":"standard","meta":{"footnotes":""},"categories":[81,23,6],"tags":[],"class_list":["post-20711","post","type-post","status-publish","format-standard","has-post-thumbnail","hentry","category-espanol","category-gestao-da-seguranca-empresarial","category-livros"],"views":156,"_links":{"self":[{"href":"https:\/\/www.bibliotecadeseguranca.com.br\/fr\/wp-json\/wp\/v2\/posts\/20711","targetHints":{"allow":["GET"]}}],"collection":[{"href":"https:\/\/www.bibliotecadeseguranca.com.br\/fr\/wp-json\/wp\/v2\/posts"}],"about":[{"href":"https:\/\/www.bibliotecadeseguranca.com.br\/fr\/wp-json\/wp\/v2\/types\/post"}],"author":[{"embeddable":true,"href":"https:\/\/www.bibliotecadeseguranca.com.br\/fr\/wp-json\/wp\/v2\/users\/3"}],"replies":[{"embeddable":true,"href":"https:\/\/www.bibliotecadeseguranca.com.br\/fr\/wp-json\/wp\/v2\/comments?post=20711"}],"version-history":[{"count":1,"href":"https:\/\/www.bibliotecadeseguranca.com.br\/fr\/wp-json\/wp\/v2\/posts\/20711\/revisions"}],"predecessor-version":[{"id":20713,"href":"https:\/\/www.bibliotecadeseguranca.com.br\/fr\/wp-json\/wp\/v2\/posts\/20711\/revisions\/20713"}],"wp:featuredmedia":[{"embeddable":true,"href":"https:\/\/www.bibliotecadeseguranca.com.br\/fr\/wp-json\/wp\/v2\/media\/20712"}],"wp:attachment":[{"href":"https:\/\/www.bibliotecadeseguranca.com.br\/fr\/wp-json\/wp\/v2\/media?parent=20711"}],"wp:term":[{"taxonomy":"category","embeddable":true,"href":"https:\/\/www.bibliotecadeseguranca.com.br\/fr\/wp-json\/wp\/v2\/categories?post=20711"},{"taxonomy":"post_tag","embeddable":true,"href":"https:\/\/www.bibliotecadeseguranca.com.br\/fr\/wp-json\/wp\/v2\/tags?post=20711"}],"curies":[{"name":"wp","href":"https:\/\/api.w.org\/{rel}","templated":true}]}}