{"id":20695,"date":"2025-07-04T14:00:31","date_gmt":"2025-07-04T17:00:31","guid":{"rendered":"https:\/\/www.bibliotecadeseguranca.com.br\/fr\/?p=20695"},"modified":"2025-07-04T12:25:39","modified_gmt":"2025-07-04T15:25:39","slug":"securite-privee-impact-de-la-nouvelle-legislation-sur-les-travailleurs-des-entreprises-de-gardiennage-ou-des-services-internes-de-gardiennage","status":"publish","type":"post","link":"https:\/\/www.bibliotecadeseguranca.com.br\/fr\/livros\/securite-privee-impact-de-la-nouvelle-legislation-sur-les-travailleurs-des-entreprises-de-gardiennage-ou-des-services-internes-de-gardiennage\/","title":{"rendered":"S\u00e9curit\u00e9 Priv\u00e9e &#8211; Impact de la Nouvelle L\u00e9gislation sur les Travailleurs des Entreprises de Gardiennage ou des Services Internes de Gardiennage"},"content":{"rendered":"<p><span style=\"color: #003366;\"><strong><img loading=\"lazy\" decoding=\"async\" class=\"alignleft size-full wp-image-20696\" src=\"https:\/\/www.bibliotecadeseguranca.com.br\/fr\/wp-content\/uploads\/2025\/07\/securite-privee-impact-de-la-nouvelle-legislation-sur-les-travailleurs-des-entreprises-de-gardiennage-ou-des-services-internes-de-gardiennage.jpg\" alt=\"S\u00e9curit\u00e9 Priv\u00e9e - Impact de la Nouvelle L\u00e9gislation sur les Travailleurs des Entreprises de Gardiennage ou des Services Internes de Gardiennage\" width=\"145\" height=\"204\" srcset=\"https:\/\/www.bibliotecadeseguranca.com.br\/fr\/wp-content\/uploads\/2025\/07\/securite-privee-impact-de-la-nouvelle-legislation-sur-les-travailleurs-des-entreprises-de-gardiennage-ou-des-services-internes-de-gardiennage.jpg 145w, https:\/\/www.bibliotecadeseguranca.com.br\/fr\/wp-content\/uploads\/2025\/07\/securite-privee-impact-de-la-nouvelle-legislation-sur-les-travailleurs-des-entreprises-de-gardiennage-ou-des-services-internes-de-gardiennage-107x150.jpg 107w\" sizes=\"auto, (max-width: 145px) 100vw, 145px\" \/>Fonds de S\u00e9curit\u00e9 d\u2019Existence du Gardiennage<\/strong><\/span><\/p>\n<p><span style=\"color: #003366;\"><strong>R\u00e9sum\u00e9:<\/strong><\/span> Le 31 octobre 2017, la nouvelle loi r\u00e9gissant la s\u00e9curit\u00e9 priv\u00e9e en Belgique a \u00e9t\u00e9 publi\u00e9e. \u00c0 l\u2019origine de cette nouvelle loi, il y a notamment le souhait de faire du secteur du gardiennage priv\u00e9 un acteur \u00e0 part enti\u00e8re dans la politique int\u00e9grale de s\u00e9curit\u00e9 des pouvoirs publics.<br \/>\nCette nouvelle loi remplace la pr\u00e9c\u00e9dente, qui datait de 1990. Elle comprend une s\u00e9rie de nouveaut\u00e9s parmi lesquelles on remarquera plus particuli\u00e8rement de nouveaux domaines d\u2019activit\u00e9 et quelques nouvelles comp\u00e9tences.<br \/>\nCette brochure est avant tout destin\u00e9e \u00e0 tous les collaborateurs qui travaillent dans une entreprise de gardiennage (ou un service interne de gardiennage). Elle est le fruit d\u2019une initiative conjointe des pouvoirs publics, de diff\u00e9rentes organisations repr\u00e9sentatives des travailleurs et de la f\u00e9d\u00e9ration des employeurs.<br \/>\nElle a pour but de donner les informations les plus larges possibles et d\u2019expliquer les grandes lignes de la l\u00e9gislation de mani\u00e8re claire, accessible, simple et pr\u00e9cise.<\/p>\n<p><a href=\"https:\/\/www.bibliotecadeseguranca.com.br\/wp-content\/uploads\/2025\/07\/securite-privee-impact-de-la-nouvelle-legislation-sur-les-travailleurs-des-entreprises-de-gardiennage-ou-des-services-internes-de-gardiennage.pdf\" target=\"_blank\" rel=\"noopener\"><img loading=\"lazy\" decoding=\"async\" class=\"alignleft wp-image-12143 size-full\" src=\"https:\/\/www.bibliotecadeseguranca.com.br\/fr\/wp-content\/uploads\/2015\/03\/download_fr.gif\" alt=\"T\u00e9l\u00e9charger\" width=\"107\" height=\"25\" \/><\/a><\/p>\n","protected":false},"excerpt":{"rendered":"<p>Fonds de S\u00e9curit\u00e9 d\u2019Existence du Gardiennage R\u00e9sum\u00e9: Le 31 octobre 2017, la nouvelle loi r\u00e9gissant la s\u00e9curit\u00e9 priv\u00e9e en Belgique a \u00e9t\u00e9 publi\u00e9e. \u00c0 l\u2019origine de cette nouvelle loi, il y a notamment le souhait de faire du secteur du gardiennage priv\u00e9 un acteur \u00e0 part enti\u00e8re dans la politique int\u00e9grale de s\u00e9curit\u00e9 des pouvoirs publics. Cette nouvelle loi remplace la pr\u00e9c\u00e9dente, qui datait de 1990. Elle comprend une s\u00e9rie&hellip; <\/p>\n","protected":false},"author":3,"featured_media":20696,"comment_status":"open","ping_status":"closed","sticky":false,"template":"","format":"standard","meta":{"footnotes":""},"categories":[109,23,6,112],"tags":[],"class_list":["post-20695","post","type-post","status-publish","format-standard","has-post-thumbnail","hentry","category-francais","category-gestao-da-seguranca-empresarial","category-livros","category-download"],"views":150,"_links":{"self":[{"href":"https:\/\/www.bibliotecadeseguranca.com.br\/fr\/wp-json\/wp\/v2\/posts\/20695","targetHints":{"allow":["GET"]}}],"collection":[{"href":"https:\/\/www.bibliotecadeseguranca.com.br\/fr\/wp-json\/wp\/v2\/posts"}],"about":[{"href":"https:\/\/www.bibliotecadeseguranca.com.br\/fr\/wp-json\/wp\/v2\/types\/post"}],"author":[{"embeddable":true,"href":"https:\/\/www.bibliotecadeseguranca.com.br\/fr\/wp-json\/wp\/v2\/users\/3"}],"replies":[{"embeddable":true,"href":"https:\/\/www.bibliotecadeseguranca.com.br\/fr\/wp-json\/wp\/v2\/comments?post=20695"}],"version-history":[{"count":1,"href":"https:\/\/www.bibliotecadeseguranca.com.br\/fr\/wp-json\/wp\/v2\/posts\/20695\/revisions"}],"predecessor-version":[{"id":20697,"href":"https:\/\/www.bibliotecadeseguranca.com.br\/fr\/wp-json\/wp\/v2\/posts\/20695\/revisions\/20697"}],"wp:featuredmedia":[{"embeddable":true,"href":"https:\/\/www.bibliotecadeseguranca.com.br\/fr\/wp-json\/wp\/v2\/media\/20696"}],"wp:attachment":[{"href":"https:\/\/www.bibliotecadeseguranca.com.br\/fr\/wp-json\/wp\/v2\/media?parent=20695"}],"wp:term":[{"taxonomy":"category","embeddable":true,"href":"https:\/\/www.bibliotecadeseguranca.com.br\/fr\/wp-json\/wp\/v2\/categories?post=20695"},{"taxonomy":"post_tag","embeddable":true,"href":"https:\/\/www.bibliotecadeseguranca.com.br\/fr\/wp-json\/wp\/v2\/tags?post=20695"}],"curies":[{"name":"wp","href":"https:\/\/api.w.org\/{rel}","templated":true}]}}