{"id":20676,"date":"2025-06-26T14:00:59","date_gmt":"2025-06-26T17:00:59","guid":{"rendered":"https:\/\/www.bibliotecadeseguranca.com.br\/fr\/?p=20676"},"modified":"2025-06-26T12:42:40","modified_gmt":"2025-06-26T15:42:40","slug":"manual-de-seguridad-empresarial-avanzado","status":"publish","type":"post","link":"https:\/\/www.bibliotecadeseguranca.com.br\/fr\/livros\/manual-de-seguridad-empresarial-avanzado\/","title":{"rendered":"Manual de Seguridad Empresarial Avanzado"},"content":{"rendered":"<p><span style=\"color: #003366;\"><strong><img loading=\"lazy\" decoding=\"async\" class=\"alignleft size-full wp-image-20677\" src=\"https:\/\/www.bibliotecadeseguranca.com.br\/fr\/wp-content\/uploads\/2025\/06\/manual-de-seguridad-empresarial-avanzado.jpg\" alt=\"Manual de Seguridad Empresarial Avanzado\" width=\"145\" height=\"232\" srcset=\"https:\/\/www.bibliotecadeseguranca.com.br\/fr\/wp-content\/uploads\/2025\/06\/manual-de-seguridad-empresarial-avanzado.jpg 145w, https:\/\/www.bibliotecadeseguranca.com.br\/fr\/wp-content\/uploads\/2025\/06\/manual-de-seguridad-empresarial-avanzado-94x150.jpg 94w\" sizes=\"auto, (max-width: 145px) 100vw, 145px\" \/>Rafael Dar\u00edo Sosa G\u00f3nzalez<\/strong><\/span><\/p>\n<p><span style=\"color: #003366;\"><strong>R\u00e9sum\u00e9:<\/strong><\/span> La prevenci\u00f3n en Seguridad debe ser el elemento principal en la lucha contra el delito, que d\u00eda a d\u00eda cobra m\u00e1s fuerza, no solo por las acciones delincuenciales o de delincuencia organizada, sino por parte de delincuentes comunes. Estamos viviendo en general en el mundo en donde se secuestran grupos completos de personas indefensas e inocentes, sin importar si son ni\u00f1os, mujeres o ancianos. Se est\u00e1 perdiendo el derecho fundamental a la libertad personal, a la vida y al libre desarrollo.<\/p>\n<p>Crear Conciencia sobre la importancia de combatir y prevenir el delito, apoyar a las autoridades en su prevenci\u00f3n y utilizar todos los recursos posibles, como el apoyo de las Empresas de Seguridad Privada, empleados y en general todos los miembros de la comunidad unidos contra los violentos para lograr el fin com\u00fan.<\/p>\n<p>Conocer las t\u00e1cticas de escogencia de blancos utilizadas por los delincuentes. Esta disciplina ha hecho sinergia para convertirse en todo un sistema de gesti\u00f3n el cual est\u00e1 conformado por un conjunto de principios, objetivos, pol\u00edticas, normas y estrategias de seguridad que permiten la administraci\u00f3n efectiva de planes y programas con la funci\u00f3n de proteger los recursos, la reputaci\u00f3n, los empleados, la infraestructura y los activos de una compa\u00f1\u00eda.<\/p>\n<p>El delito es una forma de sobrellevar la crisis econ\u00f3mica, el desempleo inici\u00f3 una vertiginosa carrera de ascenso desde hace unos a\u00f1os. La industria del secuestro, que ven\u00eda abri\u00e9ndose paso en ciertos \u00e1mbitos, coge un mayor auge y afecta a todos por igual. Se secuestra por dinero, o fines particulares, pol\u00edticos, presi\u00f3n para conseguir resultados, por ideolog\u00edas religiosas, por venganzas personales.<\/p>\n<p>Se delinque por: La crisis econ\u00f3mica, hambre, desempleo, falta de educaci\u00f3n, violencia intrafamiliar, violencia generalizada, conlleva falta de conciencia, p\u00e9rdida de valores, corrupci\u00f3n impunidad.<\/p>\n<p>El delito m\u00e1s relevante en cuanto a estad\u00edsticas se trata y, que presenta todas las fases para llevarlo a cabo es el secuestro, donde la parte de escogencia es la principal. Durante la fase de escogencia del blanco, se busca al m\u00e1s d\u00e9bil, el que tenga m\u00e1s oportunidades de caer en la celada y que tenga menos seguridad en sus desplazamientos, sus instalaciones y menos precauciones en su diario vivir: el m\u00e1s f\u00e1cil.<\/p>\n","protected":false},"excerpt":{"rendered":"<p>Rafael Dar\u00edo Sosa G\u00f3nzalez R\u00e9sum\u00e9: La prevenci\u00f3n en Seguridad debe ser el elemento principal en la lucha contra el delito, que d\u00eda a d\u00eda cobra m\u00e1s fuerza, no solo por las acciones delincuenciales o de delincuencia organizada, sino por parte de delincuentes comunes. Estamos viviendo en general en el mundo en donde se secuestran grupos completos de personas indefensas e inocentes, sin importar si son ni\u00f1os, mujeres o ancianos. Se&hellip; <\/p>\n","protected":false},"author":3,"featured_media":20677,"comment_status":"open","ping_status":"closed","sticky":false,"template":"","format":"standard","meta":{"footnotes":""},"categories":[81,23,6],"tags":[],"class_list":["post-20676","post","type-post","status-publish","format-standard","has-post-thumbnail","hentry","category-espanol","category-gestao-da-seguranca-empresarial","category-livros"],"views":101,"_links":{"self":[{"href":"https:\/\/www.bibliotecadeseguranca.com.br\/fr\/wp-json\/wp\/v2\/posts\/20676","targetHints":{"allow":["GET"]}}],"collection":[{"href":"https:\/\/www.bibliotecadeseguranca.com.br\/fr\/wp-json\/wp\/v2\/posts"}],"about":[{"href":"https:\/\/www.bibliotecadeseguranca.com.br\/fr\/wp-json\/wp\/v2\/types\/post"}],"author":[{"embeddable":true,"href":"https:\/\/www.bibliotecadeseguranca.com.br\/fr\/wp-json\/wp\/v2\/users\/3"}],"replies":[{"embeddable":true,"href":"https:\/\/www.bibliotecadeseguranca.com.br\/fr\/wp-json\/wp\/v2\/comments?post=20676"}],"version-history":[{"count":1,"href":"https:\/\/www.bibliotecadeseguranca.com.br\/fr\/wp-json\/wp\/v2\/posts\/20676\/revisions"}],"predecessor-version":[{"id":20678,"href":"https:\/\/www.bibliotecadeseguranca.com.br\/fr\/wp-json\/wp\/v2\/posts\/20676\/revisions\/20678"}],"wp:featuredmedia":[{"embeddable":true,"href":"https:\/\/www.bibliotecadeseguranca.com.br\/fr\/wp-json\/wp\/v2\/media\/20677"}],"wp:attachment":[{"href":"https:\/\/www.bibliotecadeseguranca.com.br\/fr\/wp-json\/wp\/v2\/media?parent=20676"}],"wp:term":[{"taxonomy":"category","embeddable":true,"href":"https:\/\/www.bibliotecadeseguranca.com.br\/fr\/wp-json\/wp\/v2\/categories?post=20676"},{"taxonomy":"post_tag","embeddable":true,"href":"https:\/\/www.bibliotecadeseguranca.com.br\/fr\/wp-json\/wp\/v2\/tags?post=20676"}],"curies":[{"name":"wp","href":"https:\/\/api.w.org\/{rel}","templated":true}]}}