{"id":20647,"date":"2025-06-13T14:00:14","date_gmt":"2025-06-13T17:00:14","guid":{"rendered":"https:\/\/www.bibliotecadeseguranca.com.br\/fr\/?p=20647"},"modified":"2025-06-13T13:47:39","modified_gmt":"2025-06-13T16:47:39","slug":"situations-professionnelles-de-securite-privee-et-savoirs-associes","status":"publish","type":"post","link":"https:\/\/www.bibliotecadeseguranca.com.br\/fr\/livros\/situations-professionnelles-de-securite-privee-et-savoirs-associes\/","title":{"rendered":"Situations Professionnelles de S\u00e9curit\u00e9 Priv\u00e9e et Savoirs Associ\u00e9s"},"content":{"rendered":"<p><span style=\"color: #003366;\"><strong><img loading=\"lazy\" decoding=\"async\" class=\"alignleft size-full wp-image-20648\" src=\"https:\/\/www.bibliotecadeseguranca.com.br\/fr\/wp-content\/uploads\/2025\/06\/situations-professionnelles-de-securite-privee-et-savoirs-associes.jpg\" alt=\"Situations Professionnelles de S\u00e9curit\u00e9 Priv\u00e9e et Savoirs Associ\u00e9s\" width=\"145\" height=\"199\" srcset=\"https:\/\/www.bibliotecadeseguranca.com.br\/fr\/wp-content\/uploads\/2025\/06\/situations-professionnelles-de-securite-privee-et-savoirs-associes.jpg 145w, https:\/\/www.bibliotecadeseguranca.com.br\/fr\/wp-content\/uploads\/2025\/06\/situations-professionnelles-de-securite-privee-et-savoirs-associes-109x150.jpg 109w\" sizes=\"auto, (max-width: 145px) 100vw, 145px\" \/>Marie-No\u00eblle Jubeau, Christian Mont\u00e9sinos, Fr\u00e9d\u00e9ric L\u00e9ger, Fran\u00e7ois-Marie Trojani<\/strong><\/span><\/p>\n<p><span style=\"color: #003366;\"><strong>Maison d&#8217;\u00e9dition Nathan<\/strong><\/span><\/p>\n<p><span style=\"color: #003366;\"><strong>R\u00e9sum\u00e9:<\/strong><\/span> L&#8217;ouvrage a \u00e9t\u00e9 actualis\u00e9. Il couvre l&#8217;ensemble du programme du CAP Agent de S\u00e9curit\u00e9.<\/p>\n<p>&#8211; Un dossier en d\u00e9but d&#8217;ouvrage pr\u00e9sente les diff\u00e9rents lieux dans lesquels se d\u00e9roulent les situations professionnelles : une entreprise charg\u00e9e de la s\u00e9curit\u00e9, un site industriel, un centre hospitalier, un centre commercial, une salle de concert et un a\u00e9roport.<\/p>\n<p>&#8211; 12 situations professionnelles permettent un questionnement sur l&#8217;ensemble du programme afin d&#8217; assimiler de mani\u00e8re concr\u00e8te et professionnelle les connaissances techniques de pr\u00e9vention et de s\u00e9curit\u00e9.<br \/>\nElles sont introduites par des \u00e9l\u00e9ments contextuels, les comp\u00e9tences travaill\u00e9es ainsiq eu les connaissances \u00e0 avoir, en lien avec les fiches savoirs.<\/p>\n<p>&#8211; 65 fiches savoirs, en fin d&#8217;ouvrage, pr\u00e9sentent l&#8217;essentiel des connaissances n\u00e9cessaires \u00e0 la r\u00e9alisation des situations professionnelles : les institutions, l&#8217;organisation de la s\u00e9curit\u00e9, le cadre juridique, la pr\u00e9vention des actes de malveillance et de n\u00e9gligence et les techniques de communication.<\/p>\n","protected":false},"excerpt":{"rendered":"<p>Marie-No\u00eblle Jubeau, Christian Mont\u00e9sinos, Fr\u00e9d\u00e9ric L\u00e9ger, Fran\u00e7ois-Marie Trojani Maison d&#8217;\u00e9dition Nathan R\u00e9sum\u00e9: L&#8217;ouvrage a \u00e9t\u00e9 actualis\u00e9. Il couvre l&#8217;ensemble du programme du CAP Agent de S\u00e9curit\u00e9. &#8211; Un dossier en d\u00e9but d&#8217;ouvrage pr\u00e9sente les diff\u00e9rents lieux dans lesquels se d\u00e9roulent les situations professionnelles : une entreprise charg\u00e9e de la s\u00e9curit\u00e9, un site industriel, un centre hospitalier, un centre commercial, une salle de concert et un a\u00e9roport. &#8211; 12 situations professionnelles&hellip; <\/p>\n","protected":false},"author":3,"featured_media":20648,"comment_status":"open","ping_status":"closed","sticky":false,"template":"","format":"standard","meta":{"footnotes":""},"categories":[109,6,25],"tags":[],"class_list":["post-20647","post","type-post","status-publish","format-standard","has-post-thumbnail","hentry","category-francais","category-livros","category-seguranca-publica-e-defesa"],"views":183,"_links":{"self":[{"href":"https:\/\/www.bibliotecadeseguranca.com.br\/fr\/wp-json\/wp\/v2\/posts\/20647","targetHints":{"allow":["GET"]}}],"collection":[{"href":"https:\/\/www.bibliotecadeseguranca.com.br\/fr\/wp-json\/wp\/v2\/posts"}],"about":[{"href":"https:\/\/www.bibliotecadeseguranca.com.br\/fr\/wp-json\/wp\/v2\/types\/post"}],"author":[{"embeddable":true,"href":"https:\/\/www.bibliotecadeseguranca.com.br\/fr\/wp-json\/wp\/v2\/users\/3"}],"replies":[{"embeddable":true,"href":"https:\/\/www.bibliotecadeseguranca.com.br\/fr\/wp-json\/wp\/v2\/comments?post=20647"}],"version-history":[{"count":1,"href":"https:\/\/www.bibliotecadeseguranca.com.br\/fr\/wp-json\/wp\/v2\/posts\/20647\/revisions"}],"predecessor-version":[{"id":20649,"href":"https:\/\/www.bibliotecadeseguranca.com.br\/fr\/wp-json\/wp\/v2\/posts\/20647\/revisions\/20649"}],"wp:featuredmedia":[{"embeddable":true,"href":"https:\/\/www.bibliotecadeseguranca.com.br\/fr\/wp-json\/wp\/v2\/media\/20648"}],"wp:attachment":[{"href":"https:\/\/www.bibliotecadeseguranca.com.br\/fr\/wp-json\/wp\/v2\/media?parent=20647"}],"wp:term":[{"taxonomy":"category","embeddable":true,"href":"https:\/\/www.bibliotecadeseguranca.com.br\/fr\/wp-json\/wp\/v2\/categories?post=20647"},{"taxonomy":"post_tag","embeddable":true,"href":"https:\/\/www.bibliotecadeseguranca.com.br\/fr\/wp-json\/wp\/v2\/tags?post=20647"}],"curies":[{"name":"wp","href":"https:\/\/api.w.org\/{rel}","templated":true}]}}