{"id":20574,"date":"2025-05-12T14:00:59","date_gmt":"2025-05-12T17:00:59","guid":{"rendered":"https:\/\/www.bibliotecadeseguranca.com.br\/fr\/?p=20574"},"modified":"2025-05-12T13:01:35","modified_gmt":"2025-05-12T16:01:35","slug":"terrorismo-internacional","status":"publish","type":"post","link":"https:\/\/www.bibliotecadeseguranca.com.br\/fr\/livros\/terrorismo-internacional\/","title":{"rendered":"Terrorismo Internacional"},"content":{"rendered":"<p><span style=\"color: #003366;\"><strong><img loading=\"lazy\" decoding=\"async\" class=\"alignleft size-full wp-image-20575\" src=\"https:\/\/www.bibliotecadeseguranca.com.br\/fr\/wp-content\/uploads\/2025\/05\/terrorismo-internacional.jpg\" alt=\"Terrorismo Internacional\" width=\"145\" height=\"205\" srcset=\"https:\/\/www.bibliotecadeseguranca.com.br\/fr\/wp-content\/uploads\/2025\/05\/terrorismo-internacional.jpg 145w, https:\/\/www.bibliotecadeseguranca.com.br\/fr\/wp-content\/uploads\/2025\/05\/terrorismo-internacional-106x150.jpg 106w\" sizes=\"auto, (max-width: 145px) 100vw, 145px\" \/>Jo\u00e3o Felipe Menezes Lopes<\/strong><\/span><\/p>\n<p><span style=\"color: #003366;\"><strong>Maison d&#8217;\u00e9dition Juru\u00e1<\/strong><\/span><\/p>\n<p><span style=\"color: #003366;\"><strong>R\u00e9sum\u00e9:<\/strong><\/span> O terrorismo \u00e9 um fen\u00f4meno social respons\u00e1vel por graves viola\u00e7\u00f5es de direitos humanos presente nas sociedades organizadas desde tempos remotos, tendo acompanhado a evolu\u00e7\u00e3o social at\u00e9 os dias atuais. Com o transcurso do tempo, suas caracter\u00edsticas fenom\u00eanicas foram sofrendo altera\u00e7\u00f5es, que variam desde os ideais que o motivam at\u00e9 seus m\u00e9todos de a\u00e7\u00e3o, cujos tra\u00e7os distintivos s\u00e3o identificados pela assimetria, pela imprevisibilidade, pela arbitrariedade, pela espetacularidade e pela instrumentalidade. Al\u00e9m das caracter\u00edsticas fenom\u00eanicas, algumas peculiaridades relativas \u00e0s caracter\u00edsticas jur\u00eddicas deste tipo de conflito internacional colocam em cheque a utiliza\u00e7\u00e3o isolada das formas tradicionais de preserva\u00e7\u00e3o da seguran\u00e7a internacional, classicamente empregadas para a solu\u00e7\u00e3o de conflitos sim\u00e9tricos.<br \/>\nEsta obra pretende discutir um m\u00e9todo espec\u00edfico de combate ao terrorismo, baseado na coopera\u00e7\u00e3o internacional voltada \u00e0 identifica\u00e7\u00e3o, ao congelamento e ao perdimento de ativos financeiros pertencentes ou utilizados pelas organiza\u00e7\u00f5es terroristas, levado a efeito pelo Grupo de A\u00e7\u00e3o Financeira Internacional \u2013 GAFI. Busca-se abordar as principais caracter\u00edsticas do GAFI (tais como sua origem, sua estrutura organizacional, seus procedimentos e suas estrat\u00e9gias de a\u00e7\u00e3o), extraindo-se da\u00ed a conclus\u00e3o de que se trata de um ente sem personalidade jur\u00eddica internacional, mas que det\u00e9m capacidade de influ\u00eancia sobre os demais atores internacionais, inclusive os Estados que comp\u00f5em a comunidade internacional (dentre eles, o Brasil).<br \/>\nA obra avan\u00e7a, ent\u00e3o, a uma an\u00e1lise cr\u00edtica sobre eventual incompatibilidade entre este regime internacional de combate ao financiamento do terrorismo e a soberania brasileira.<\/p>\n","protected":false},"excerpt":{"rendered":"<p>Jo\u00e3o Felipe Menezes Lopes Maison d&#8217;\u00e9dition Juru\u00e1 R\u00e9sum\u00e9: O terrorismo \u00e9 um fen\u00f4meno social respons\u00e1vel por graves viola\u00e7\u00f5es de direitos humanos presente nas sociedades organizadas desde tempos remotos, tendo acompanhado a evolu\u00e7\u00e3o social at\u00e9 os dias atuais. Com o transcurso do tempo, suas caracter\u00edsticas fenom\u00eanicas foram sofrendo altera\u00e7\u00f5es, que variam desde os ideais que o motivam at\u00e9 seus m\u00e9todos de a\u00e7\u00e3o, cujos tra\u00e7os distintivos s\u00e3o identificados pela assimetria, pela imprevisibilidade,&hellip; <\/p>\n","protected":false},"author":3,"featured_media":20575,"comment_status":"open","ping_status":"closed","sticky":false,"template":"","format":"standard","meta":{"footnotes":""},"categories":[6,25],"tags":[],"class_list":["post-20574","post","type-post","status-publish","format-standard","has-post-thumbnail","hentry","category-livros","category-seguranca-publica-e-defesa"],"views":223,"_links":{"self":[{"href":"https:\/\/www.bibliotecadeseguranca.com.br\/fr\/wp-json\/wp\/v2\/posts\/20574","targetHints":{"allow":["GET"]}}],"collection":[{"href":"https:\/\/www.bibliotecadeseguranca.com.br\/fr\/wp-json\/wp\/v2\/posts"}],"about":[{"href":"https:\/\/www.bibliotecadeseguranca.com.br\/fr\/wp-json\/wp\/v2\/types\/post"}],"author":[{"embeddable":true,"href":"https:\/\/www.bibliotecadeseguranca.com.br\/fr\/wp-json\/wp\/v2\/users\/3"}],"replies":[{"embeddable":true,"href":"https:\/\/www.bibliotecadeseguranca.com.br\/fr\/wp-json\/wp\/v2\/comments?post=20574"}],"version-history":[{"count":1,"href":"https:\/\/www.bibliotecadeseguranca.com.br\/fr\/wp-json\/wp\/v2\/posts\/20574\/revisions"}],"predecessor-version":[{"id":20576,"href":"https:\/\/www.bibliotecadeseguranca.com.br\/fr\/wp-json\/wp\/v2\/posts\/20574\/revisions\/20576"}],"wp:featuredmedia":[{"embeddable":true,"href":"https:\/\/www.bibliotecadeseguranca.com.br\/fr\/wp-json\/wp\/v2\/media\/20575"}],"wp:attachment":[{"href":"https:\/\/www.bibliotecadeseguranca.com.br\/fr\/wp-json\/wp\/v2\/media?parent=20574"}],"wp:term":[{"taxonomy":"category","embeddable":true,"href":"https:\/\/www.bibliotecadeseguranca.com.br\/fr\/wp-json\/wp\/v2\/categories?post=20574"},{"taxonomy":"post_tag","embeddable":true,"href":"https:\/\/www.bibliotecadeseguranca.com.br\/fr\/wp-json\/wp\/v2\/tags?post=20574"}],"curies":[{"name":"wp","href":"https:\/\/api.w.org\/{rel}","templated":true}]}}