{"id":20559,"date":"2025-05-05T14:00:15","date_gmt":"2025-05-05T17:00:15","guid":{"rendered":"https:\/\/www.bibliotecadeseguranca.com.br\/fr\/?p=20559"},"modified":"2025-05-05T13:43:04","modified_gmt":"2025-05-05T16:43:04","slug":"gestao-de-riscos-2","status":"publish","type":"post","link":"https:\/\/www.bibliotecadeseguranca.com.br\/fr\/livros\/gestao-de-riscos-2\/","title":{"rendered":"Gest\u00e3o de Riscos"},"content":{"rendered":"<p><span style=\"color: #003366;\"><strong><img loading=\"lazy\" decoding=\"async\" class=\"alignleft size-full wp-image-20560\" src=\"https:\/\/www.bibliotecadeseguranca.com.br\/fr\/wp-content\/uploads\/2025\/05\/gestao-de-riscos.jpg\" alt=\"Gest\u00e3o de Riscos\" width=\"145\" height=\"205\" srcset=\"https:\/\/www.bibliotecadeseguranca.com.br\/fr\/wp-content\/uploads\/2025\/05\/gestao-de-riscos.jpg 145w, https:\/\/www.bibliotecadeseguranca.com.br\/fr\/wp-content\/uploads\/2025\/05\/gestao-de-riscos-106x150.jpg 106w\" sizes=\"auto, (max-width: 145px) 100vw, 145px\" \/>Superior Tribunal de Justi\u00e7a<\/strong><\/span><\/p>\n<p><span style=\"color: #003366;\"><strong>R\u00e9sum\u00e9:<\/strong><\/span> Como em todo cen\u00e1rio corporativo, o exerc\u00edcio das atividades do STJ \u00e9 envolto de vari\u00e1veis que interagem com os prop\u00f3sitos da Corte. Nesse contexto, atores, recursos e expectativas n\u00e3o necessariamente convergem a todo momento para a realiza\u00e7\u00e3o dos pap\u00e9is internos ou mesmo da miss\u00e3o institucional. Incertezas circundam o alcance de objetivos em todos os n\u00edveis e o desafio reside em trat\u00e1-los de maneira alinhada \u00e0s estrat\u00e9gias definidas ao mesmo tempo em que protege e cria valor ao longo de seus processos organizacionais.<br \/>\nPor essa raz\u00e3o e dada a natureza p\u00fablica e restrita dos recursos destinados ao STJ, \u00e9 requerida uma atua\u00e7\u00e3o que estimule a governan\u00e7a e transpar\u00eancia na administra\u00e7\u00e3o dos ativos que lhe s\u00e3o confiados, al\u00e9m da prote\u00e7\u00e3o de sua imagem ante a busca pela efetiva presta\u00e7\u00e3o jurisdicional.<br \/>\nNesse intento, veremos que a abordagem da gest\u00e3o dos riscos do STJ enfatiza as situa\u00e7\u00f5es sob exame a um tratamento preventivo de amea\u00e7as sempre que poss\u00edvel, visando resguardar seus ativos de causas negativas, ao tempo em que as oportunidades \u2013 tamb\u00e9m relevantes em nosso contexto \u2013 possam ser aprimoradas com o fim de favorecer\/alavancar a chance de atingir os objetivos mirados.<\/p>\n<p><a href=\"https:\/\/www.bibliotecadeseguranca.com.br\/wp-content\/uploads\/2025\/05\/gestao-de-riscos.pdf\" target=\"_blank\" rel=\"noopener\"><img loading=\"lazy\" decoding=\"async\" class=\"alignleft wp-image-12143 size-full\" src=\"https:\/\/www.bibliotecadeseguranca.com.br\/fr\/wp-content\/uploads\/2015\/03\/download_fr.gif\" alt=\"T\u00e9l\u00e9charger\" width=\"107\" height=\"25\" \/><\/a><\/p>\n","protected":false},"excerpt":{"rendered":"<p>Superior Tribunal de Justi\u00e7a R\u00e9sum\u00e9: Como em todo cen\u00e1rio corporativo, o exerc\u00edcio das atividades do STJ \u00e9 envolto de vari\u00e1veis que interagem com os prop\u00f3sitos da Corte. Nesse contexto, atores, recursos e expectativas n\u00e3o necessariamente convergem a todo momento para a realiza\u00e7\u00e3o dos pap\u00e9is internos ou mesmo da miss\u00e3o institucional. Incertezas circundam o alcance de objetivos em todos os n\u00edveis e o desafio reside em trat\u00e1-los de maneira alinhada \u00e0s&hellip; <\/p>\n","protected":false},"author":3,"featured_media":20560,"comment_status":"open","ping_status":"closed","sticky":false,"template":"","format":"standard","meta":{"footnotes":""},"categories":[6,19,112],"tags":[],"class_list":["post-20559","post","type-post","status-publish","format-standard","has-post-thumbnail","hentry","category-livros","category-risco-e-perdas","category-download"],"views":179,"_links":{"self":[{"href":"https:\/\/www.bibliotecadeseguranca.com.br\/fr\/wp-json\/wp\/v2\/posts\/20559","targetHints":{"allow":["GET"]}}],"collection":[{"href":"https:\/\/www.bibliotecadeseguranca.com.br\/fr\/wp-json\/wp\/v2\/posts"}],"about":[{"href":"https:\/\/www.bibliotecadeseguranca.com.br\/fr\/wp-json\/wp\/v2\/types\/post"}],"author":[{"embeddable":true,"href":"https:\/\/www.bibliotecadeseguranca.com.br\/fr\/wp-json\/wp\/v2\/users\/3"}],"replies":[{"embeddable":true,"href":"https:\/\/www.bibliotecadeseguranca.com.br\/fr\/wp-json\/wp\/v2\/comments?post=20559"}],"version-history":[{"count":1,"href":"https:\/\/www.bibliotecadeseguranca.com.br\/fr\/wp-json\/wp\/v2\/posts\/20559\/revisions"}],"predecessor-version":[{"id":20561,"href":"https:\/\/www.bibliotecadeseguranca.com.br\/fr\/wp-json\/wp\/v2\/posts\/20559\/revisions\/20561"}],"wp:featuredmedia":[{"embeddable":true,"href":"https:\/\/www.bibliotecadeseguranca.com.br\/fr\/wp-json\/wp\/v2\/media\/20560"}],"wp:attachment":[{"href":"https:\/\/www.bibliotecadeseguranca.com.br\/fr\/wp-json\/wp\/v2\/media?parent=20559"}],"wp:term":[{"taxonomy":"category","embeddable":true,"href":"https:\/\/www.bibliotecadeseguranca.com.br\/fr\/wp-json\/wp\/v2\/categories?post=20559"},{"taxonomy":"post_tag","embeddable":true,"href":"https:\/\/www.bibliotecadeseguranca.com.br\/fr\/wp-json\/wp\/v2\/tags?post=20559"}],"curies":[{"name":"wp","href":"https:\/\/api.w.org\/{rel}","templated":true}]}}