{"id":20517,"date":"2025-04-17T14:00:41","date_gmt":"2025-04-17T17:00:41","guid":{"rendered":"https:\/\/www.bibliotecadeseguranca.com.br\/fr\/?p=20517"},"modified":"2025-04-17T12:58:45","modified_gmt":"2025-04-17T15:58:45","slug":"operateur-en-videoprotection","status":"publish","type":"post","link":"https:\/\/www.bibliotecadeseguranca.com.br\/fr\/livros\/operateur-en-videoprotection\/","title":{"rendered":"Op\u00e9rateur en Vid\u00e9oprotection"},"content":{"rendered":"<p><span style=\"color: #003366;\"><strong><img loading=\"lazy\" decoding=\"async\" class=\"alignleft size-full wp-image-20518\" src=\"https:\/\/www.bibliotecadeseguranca.com.br\/fr\/wp-content\/uploads\/2025\/04\/operateur-en-videoprotection.jpg\" alt=\"Op\u00e9rateur en Vid\u00e9oprotection\" width=\"145\" height=\"205\" srcset=\"https:\/\/www.bibliotecadeseguranca.com.br\/fr\/wp-content\/uploads\/2025\/04\/operateur-en-videoprotection.jpg 145w, https:\/\/www.bibliotecadeseguranca.com.br\/fr\/wp-content\/uploads\/2025\/04\/operateur-en-videoprotection-106x150.jpg 106w\" sizes=\"auto, (max-width: 145px) 100vw, 145px\" \/>Icone Graphic<\/strong><\/span><\/p>\n<p><span style=\"color: #003366;\"><strong>R\u00e9sum\u00e9:<\/strong><\/span> Ce livre de formation est un ouvrage indispensable pour tous les apprenants et professionnels qui souhaitent obtenir leur carte professionnelle et exercer le m\u00e9tier d&#8217;op\u00e9rateur en vid\u00e9oprotection. Il est conforme aux articles 7 et 10 de l\u2019arr\u00eat\u00e9 du 27 juin 2017. Ce guide accompagne apprenants, formateurs et centres de formation en s\u00e9curit\u00e9 priv\u00e9e dans l\u2019apprentissage des fondamentaux. Son contenu est structur\u00e9 et p\u00e9dagogique. Il facilite la compr\u00e9hension gr\u00e2ce \u00e0 plus 350 photos, sch\u00e9mas et illustrations de qualit\u00e9. Il est enti\u00e8rement personnalisable : logo, couverture&#8230; (se rapprocher de l&#8217;\u00e9diteur). Ce livre a \u00e9t\u00e9 r\u00e9alis\u00e9 avec la contribution de professionnels reconnus du secteur de la vid\u00e9oprotection et de la s\u00e9curit\u00e9 priv\u00e9e, garantissant un contenu fiable, conforme et adapt\u00e9 aux r\u00e9alit\u00e9s du terrain : Auteur Daniel Guisnet (D.G.F-OI), Pr\u00e9face d&#8217;\u00c9lisabeth Sellos-Cartel. Ce livre constitue une r\u00e9f\u00e9rence incontournable pour tous les professionnels et apprenants du secteur de la s\u00e9curit\u00e9 priv\u00e9e. Une version num\u00e9rique existe \u00e9galement.<\/p>\n","protected":false},"excerpt":{"rendered":"<p>Icone Graphic R\u00e9sum\u00e9: Ce livre de formation est un ouvrage indispensable pour tous les apprenants et professionnels qui souhaitent obtenir leur carte professionnelle et exercer le m\u00e9tier d&#8217;op\u00e9rateur en vid\u00e9oprotection. Il est conforme aux articles 7 et 10 de l\u2019arr\u00eat\u00e9 du 27 juin 2017. Ce guide accompagne apprenants, formateurs et centres de formation en s\u00e9curit\u00e9 priv\u00e9e dans l\u2019apprentissage des fondamentaux. Son contenu est structur\u00e9 et p\u00e9dagogique. Il facilite la compr\u00e9hension&hellip; <\/p>\n","protected":false},"author":3,"featured_media":20518,"comment_status":"open","ping_status":"closed","sticky":false,"template":"","format":"standard","meta":{"footnotes":""},"categories":[109,6,22],"tags":[],"class_list":["post-20517","post","type-post","status-publish","format-standard","has-post-thumbnail","hentry","category-francais","category-livros","category-seguranca-eletronica"],"views":216,"_links":{"self":[{"href":"https:\/\/www.bibliotecadeseguranca.com.br\/fr\/wp-json\/wp\/v2\/posts\/20517","targetHints":{"allow":["GET"]}}],"collection":[{"href":"https:\/\/www.bibliotecadeseguranca.com.br\/fr\/wp-json\/wp\/v2\/posts"}],"about":[{"href":"https:\/\/www.bibliotecadeseguranca.com.br\/fr\/wp-json\/wp\/v2\/types\/post"}],"author":[{"embeddable":true,"href":"https:\/\/www.bibliotecadeseguranca.com.br\/fr\/wp-json\/wp\/v2\/users\/3"}],"replies":[{"embeddable":true,"href":"https:\/\/www.bibliotecadeseguranca.com.br\/fr\/wp-json\/wp\/v2\/comments?post=20517"}],"version-history":[{"count":1,"href":"https:\/\/www.bibliotecadeseguranca.com.br\/fr\/wp-json\/wp\/v2\/posts\/20517\/revisions"}],"predecessor-version":[{"id":20519,"href":"https:\/\/www.bibliotecadeseguranca.com.br\/fr\/wp-json\/wp\/v2\/posts\/20517\/revisions\/20519"}],"wp:featuredmedia":[{"embeddable":true,"href":"https:\/\/www.bibliotecadeseguranca.com.br\/fr\/wp-json\/wp\/v2\/media\/20518"}],"wp:attachment":[{"href":"https:\/\/www.bibliotecadeseguranca.com.br\/fr\/wp-json\/wp\/v2\/media?parent=20517"}],"wp:term":[{"taxonomy":"category","embeddable":true,"href":"https:\/\/www.bibliotecadeseguranca.com.br\/fr\/wp-json\/wp\/v2\/categories?post=20517"},{"taxonomy":"post_tag","embeddable":true,"href":"https:\/\/www.bibliotecadeseguranca.com.br\/fr\/wp-json\/wp\/v2\/tags?post=20517"}],"curies":[{"name":"wp","href":"https:\/\/api.w.org\/{rel}","templated":true}]}}