{"id":20509,"date":"2025-04-14T14:00:12","date_gmt":"2025-04-14T17:00:12","guid":{"rendered":"https:\/\/www.bibliotecadeseguranca.com.br\/fr\/?p=20509"},"modified":"2025-04-14T12:53:16","modified_gmt":"2025-04-14T15:53:16","slug":"policia-preventiva-no-brasil","status":"publish","type":"post","link":"https:\/\/www.bibliotecadeseguranca.com.br\/fr\/livros\/policia-preventiva-no-brasil\/","title":{"rendered":"Pol\u00edcia Preventiva no Brasil"},"content":{"rendered":"<p><span style=\"color: #003366;\"><strong><img loading=\"lazy\" decoding=\"async\" class=\"alignleft size-full wp-image-20510\" src=\"https:\/\/www.bibliotecadeseguranca.com.br\/fr\/wp-content\/uploads\/2025\/04\/policia-preventiva-no-brasil.jpg\" alt=\"Pol\u00edcia Preventiva no Brasil\" width=\"145\" height=\"205\" srcset=\"https:\/\/www.bibliotecadeseguranca.com.br\/fr\/wp-content\/uploads\/2025\/04\/policia-preventiva-no-brasil.jpg 145w, https:\/\/www.bibliotecadeseguranca.com.br\/fr\/wp-content\/uploads\/2025\/04\/policia-preventiva-no-brasil-106x150.jpg 106w\" sizes=\"auto, (max-width: 145px) 100vw, 145px\" \/>Ronaldo Jo\u00e3o Roth, Azor Lopes da Silva J\u00fanior<\/strong><\/span><\/p>\n<p><span style=\"color: #003366;\"><strong>Maison d&#8217;\u00e9dition Dial\u00e9tica<\/strong><\/span><\/p>\n<p><span style=\"color: #003366;\"><strong>R\u00e9sum\u00e9:<\/strong><\/span> Esta primeira edi\u00e7\u00e3o re\u00fane magistrados, da justi\u00e7a federal e estadual, membros do MP e Oficiais de Pol\u00edcia Militar de SP, RJ, PE, GO, MS, RO e PI, enfrentando os fundamentos adotados pela Sexta Turma do SUPERIOR TRIBUNAL DE JUSTI\u00c7A no julgamento do Recurso em Habeas Corpus n\u00ba 158580\u2013BA, ocorrido em 19 de abril de 2022, acerca da (i)legalidade das abordagens e buscas pessoais em pessoas sob suspeita, realizadas por agentes policiais diariamente em todo o pa\u00eds, em que restou assentado: \u201cO art. 244 do CPP n\u00e3o autoriza buscas pessoais praticadas como \u2018rotina\u2019 ou \u2018praxe\u2019 do policiamento ostensivo, com finalidade preventiva e motiva\u00e7\u00e3o explorat\u00f3ria (&#8230;)\u201d.<br \/>\nA obra suscita uma provoca\u00e7\u00e3o no campo da l\u00f3gica: o \u201cracismo estrutural\u201d teria tamb\u00e9m contaminado os membros do Poder Judici\u00e1rio, em suas decis\u00f5es, decretando pris\u00f5es, tanto quanto os agentes policiais na motiva\u00e7\u00e3o de suas abordagens? Ora, dados do Conselho Nacional de Justi\u00e7a e do Departamento Penitenci\u00e1rio Nacional (DEPEN) revelam que \u201ca porcentagem de pessoas negras no sistema prisional \u00e9 de 67%, na popula\u00e7\u00e3o brasileira em geral, a propor\u00e7\u00e3o \u00e9 significativamente menor (51%)\u201d&#8230; Mas \u201cPol\u00edcia Preventiva no Brasil \u2013 Direito Policial: abordagens e busca pessoal\u201d revela muito mais ao leitor interessado no debate democr\u00e1tico sobre os direitos fundamentais e seus limites em prol de outro direito fundamental, que encabe\u00e7a j\u00e1 o Pre\u00e2mbulo e os artigos 5\u00ba, 6\u00ba e 144 da Carta da Rep\u00fablica: a Seguran\u00e7a.<\/p>\n","protected":false},"excerpt":{"rendered":"<p>Ronaldo Jo\u00e3o Roth, Azor Lopes da Silva J\u00fanior Maison d&#8217;\u00e9dition Dial\u00e9tica R\u00e9sum\u00e9: Esta primeira edi\u00e7\u00e3o re\u00fane magistrados, da justi\u00e7a federal e estadual, membros do MP e Oficiais de Pol\u00edcia Militar de SP, RJ, PE, GO, MS, RO e PI, enfrentando os fundamentos adotados pela Sexta Turma do SUPERIOR TRIBUNAL DE JUSTI\u00c7A no julgamento do Recurso em Habeas Corpus n\u00ba 158580\u2013BA, ocorrido em 19 de abril de 2022, acerca da (i)legalidade&hellip; <\/p>\n","protected":false},"author":3,"featured_media":20510,"comment_status":"open","ping_status":"closed","sticky":false,"template":"","format":"standard","meta":{"footnotes":""},"categories":[6,25],"tags":[],"class_list":["post-20509","post","type-post","status-publish","format-standard","has-post-thumbnail","hentry","category-livros","category-seguranca-publica-e-defesa"],"views":201,"_links":{"self":[{"href":"https:\/\/www.bibliotecadeseguranca.com.br\/fr\/wp-json\/wp\/v2\/posts\/20509","targetHints":{"allow":["GET"]}}],"collection":[{"href":"https:\/\/www.bibliotecadeseguranca.com.br\/fr\/wp-json\/wp\/v2\/posts"}],"about":[{"href":"https:\/\/www.bibliotecadeseguranca.com.br\/fr\/wp-json\/wp\/v2\/types\/post"}],"author":[{"embeddable":true,"href":"https:\/\/www.bibliotecadeseguranca.com.br\/fr\/wp-json\/wp\/v2\/users\/3"}],"replies":[{"embeddable":true,"href":"https:\/\/www.bibliotecadeseguranca.com.br\/fr\/wp-json\/wp\/v2\/comments?post=20509"}],"version-history":[{"count":1,"href":"https:\/\/www.bibliotecadeseguranca.com.br\/fr\/wp-json\/wp\/v2\/posts\/20509\/revisions"}],"predecessor-version":[{"id":20511,"href":"https:\/\/www.bibliotecadeseguranca.com.br\/fr\/wp-json\/wp\/v2\/posts\/20509\/revisions\/20511"}],"wp:featuredmedia":[{"embeddable":true,"href":"https:\/\/www.bibliotecadeseguranca.com.br\/fr\/wp-json\/wp\/v2\/media\/20510"}],"wp:attachment":[{"href":"https:\/\/www.bibliotecadeseguranca.com.br\/fr\/wp-json\/wp\/v2\/media?parent=20509"}],"wp:term":[{"taxonomy":"category","embeddable":true,"href":"https:\/\/www.bibliotecadeseguranca.com.br\/fr\/wp-json\/wp\/v2\/categories?post=20509"},{"taxonomy":"post_tag","embeddable":true,"href":"https:\/\/www.bibliotecadeseguranca.com.br\/fr\/wp-json\/wp\/v2\/tags?post=20509"}],"curies":[{"name":"wp","href":"https:\/\/api.w.org\/{rel}","templated":true}]}}