{"id":20500,"date":"2025-04-10T14:00:56","date_gmt":"2025-04-10T17:00:56","guid":{"rendered":"https:\/\/www.bibliotecadeseguranca.com.br\/fr\/?p=20500"},"modified":"2025-04-10T12:47:02","modified_gmt":"2025-04-10T15:47:02","slug":"guide-pour-realiser-un-plan-de-continuite-dactivite","status":"publish","type":"post","link":"https:\/\/www.bibliotecadeseguranca.com.br\/fr\/livros\/guide-pour-realiser-un-plan-de-continuite-dactivite\/","title":{"rendered":"Guide pour R\u00e9aliser un plan de Continuit\u00e9 d\u2019Activit\u00e9"},"content":{"rendered":"<p><span style=\"color: #003366;\"><strong><img loading=\"lazy\" decoding=\"async\" class=\"alignleft size-full wp-image-20501\" src=\"https:\/\/www.bibliotecadeseguranca.com.br\/fr\/wp-content\/uploads\/2025\/04\/guide-pour-realiser-un-plan-de-continuite-dactivite.jpg\" alt=\"Guide pour R\u00e9aliser un plan de Continuit\u00e9 d\u2019Activit\u00e9\" width=\"145\" height=\"212\" srcset=\"https:\/\/www.bibliotecadeseguranca.com.br\/fr\/wp-content\/uploads\/2025\/04\/guide-pour-realiser-un-plan-de-continuite-dactivite.jpg 145w, https:\/\/www.bibliotecadeseguranca.com.br\/fr\/wp-content\/uploads\/2025\/04\/guide-pour-realiser-un-plan-de-continuite-dactivite-103x150.jpg 103w\" sizes=\"auto, (max-width: 145px) 100vw, 145px\" \/>Secr\u00e9tariat G\u00e9n\u00e9ral de la D\u00e9fense et de la S\u00e9curit\u00e9 Nationale<\/strong><\/span><\/p>\n<p><span style=\"color: #003366;\"><strong>R\u00e9sum\u00e9:<\/strong><\/span> La nature, la fr\u00e9quence et le co\u00fbt des crises ont sensiblement \u00e9volu\u00e9 au cours des vingt derni\u00e8res ann\u00e9es. On comprend sans doute mieux aujourd\u2019hui \u00e0 quel point sont \u00e9troitement imbriqu\u00e9es les diff\u00e9rentes dimensions de ces \u00e9v\u00e9nements qui perturbent tr\u00e8s forte ment le fonctionnement de nombreuses organisations, publiques et priv\u00e9es, avec des cons\u00e9quences allant jusqu\u2019\u00e0 la cessation d\u00e9fi ni tive d\u2019activit\u00e9. Les retours d\u2019exp\u00e9rience des grandes crises r\u00e9centes montrent que les organisations ayant entrepris une d\u00e9marche pr\u00e9alable visant \u00e0 garantir la continuit\u00e9 de leur activit\u00e9 sont les plus r\u00e9silientes face aux \u00e9v\u00e9nements d\u00e9stabilisants.<\/p>\n<p><a href=\"https:\/\/www.bibliotecadeseguranca.com.br\/wp-content\/uploads\/2025\/04\/guide-pour-realiser-un-plan-de-continuite-dactivite.pdf\" target=\"_blank\" rel=\"noopener\"><img loading=\"lazy\" decoding=\"async\" class=\"alignleft wp-image-12143 size-full\" src=\"https:\/\/www.bibliotecadeseguranca.com.br\/fr\/wp-content\/uploads\/2015\/03\/download_fr.gif\" alt=\"T\u00e9l\u00e9charger\" width=\"107\" height=\"25\" \/><\/a><\/p>\n","protected":false},"excerpt":{"rendered":"<p>Secr\u00e9tariat G\u00e9n\u00e9ral de la D\u00e9fense et de la S\u00e9curit\u00e9 Nationale R\u00e9sum\u00e9: La nature, la fr\u00e9quence et le co\u00fbt des crises ont sensiblement \u00e9volu\u00e9 au cours des vingt derni\u00e8res ann\u00e9es. On comprend sans doute mieux aujourd\u2019hui \u00e0 quel point sont \u00e9troitement imbriqu\u00e9es les diff\u00e9rentes dimensions de ces \u00e9v\u00e9nements qui perturbent tr\u00e8s forte ment le fonctionnement de nombreuses organisations, publiques et priv\u00e9es, avec des cons\u00e9quences allant jusqu\u2019\u00e0 la cessation d\u00e9fi ni tive&hellip; <\/p>\n","protected":false},"author":3,"featured_media":20501,"comment_status":"closed","ping_status":"closed","sticky":false,"template":"","format":"standard","meta":{"footnotes":""},"categories":[14,109,6,112],"tags":[],"class_list":["post-20500","post","type-post","status-publish","format-standard","has-post-thumbnail","hentry","category-administracao-e-estrategia-empresarial","category-francais","category-livros","category-download"],"views":135,"_links":{"self":[{"href":"https:\/\/www.bibliotecadeseguranca.com.br\/fr\/wp-json\/wp\/v2\/posts\/20500","targetHints":{"allow":["GET"]}}],"collection":[{"href":"https:\/\/www.bibliotecadeseguranca.com.br\/fr\/wp-json\/wp\/v2\/posts"}],"about":[{"href":"https:\/\/www.bibliotecadeseguranca.com.br\/fr\/wp-json\/wp\/v2\/types\/post"}],"author":[{"embeddable":true,"href":"https:\/\/www.bibliotecadeseguranca.com.br\/fr\/wp-json\/wp\/v2\/users\/3"}],"replies":[{"embeddable":true,"href":"https:\/\/www.bibliotecadeseguranca.com.br\/fr\/wp-json\/wp\/v2\/comments?post=20500"}],"version-history":[{"count":1,"href":"https:\/\/www.bibliotecadeseguranca.com.br\/fr\/wp-json\/wp\/v2\/posts\/20500\/revisions"}],"predecessor-version":[{"id":20502,"href":"https:\/\/www.bibliotecadeseguranca.com.br\/fr\/wp-json\/wp\/v2\/posts\/20500\/revisions\/20502"}],"wp:featuredmedia":[{"embeddable":true,"href":"https:\/\/www.bibliotecadeseguranca.com.br\/fr\/wp-json\/wp\/v2\/media\/20501"}],"wp:attachment":[{"href":"https:\/\/www.bibliotecadeseguranca.com.br\/fr\/wp-json\/wp\/v2\/media?parent=20500"}],"wp:term":[{"taxonomy":"category","embeddable":true,"href":"https:\/\/www.bibliotecadeseguranca.com.br\/fr\/wp-json\/wp\/v2\/categories?post=20500"},{"taxonomy":"post_tag","embeddable":true,"href":"https:\/\/www.bibliotecadeseguranca.com.br\/fr\/wp-json\/wp\/v2\/tags?post=20500"}],"curies":[{"name":"wp","href":"https:\/\/api.w.org\/{rel}","templated":true}]}}