{"id":20433,"date":"2025-03-13T14:00:59","date_gmt":"2025-03-13T17:00:59","guid":{"rendered":"https:\/\/www.bibliotecadeseguranca.com.br\/fr\/?p=20433"},"modified":"2025-03-13T13:56:00","modified_gmt":"2025-03-13T16:56:00","slug":"violencia-crimen-y-trafico-ilegal-de-armas-en-colombia","status":"publish","type":"post","link":"https:\/\/www.bibliotecadeseguranca.com.br\/fr\/livros\/violencia-crimen-y-trafico-ilegal-de-armas-en-colombia\/","title":{"rendered":"Violencia, Crimen y Tr\u00e1fico ilegal de Armas en Colombia"},"content":{"rendered":"<p><span style=\"color: #003366;\"><strong><img loading=\"lazy\" decoding=\"async\" class=\"alignleft size-full wp-image-20434\" src=\"https:\/\/www.bibliotecadeseguranca.com.br\/fr\/wp-content\/uploads\/2025\/03\/violencia-crimen-y-trafico-ilegal-de-armas-en-colombia.jpg\" alt=\"Violencia, Crimen y Tr\u00e1fico ilegal de Armas en Colombia\" width=\"145\" height=\"189\" srcset=\"https:\/\/www.bibliotecadeseguranca.com.br\/fr\/wp-content\/uploads\/2025\/03\/violencia-crimen-y-trafico-ilegal-de-armas-en-colombia.jpg 145w, https:\/\/www.bibliotecadeseguranca.com.br\/fr\/wp-content\/uploads\/2025\/03\/violencia-crimen-y-trafico-ilegal-de-armas-en-colombia-115x150.jpg 115w\" sizes=\"auto, (max-width: 145px) 100vw, 145px\" \/>UNODC<\/strong><\/span><\/p>\n<p><span style=\"color: #003366;\"><strong>Descripci\u00f3n:<\/strong><\/span> Si bien la principal preocupaci\u00f3n en materia de control de armas durante los tiempos de la Guerra Fr\u00eda fue el control de las armas nucleares y \u201cestrat\u00e9gicas\u201d, durante los \u00faltimos a\u00f1os la preocupaci\u00f3n por la incidencia de las armas cortas y ligeras1 en la violencia cotidiana, en la criminalidad, en el terrorismo y en los diferentes conflictos a nivel mundial ha venido ocupando un lugar cada vez m\u00e1s protag\u00f3nico en la agenda de la comunidad internacional.<br \/>\nLo anterior no es fortuito. La industria y el comercio de las armas de fuego, en especial de armas ligeras, mueve miles de millones de d\u00f3lares al a\u00f1o en todo el mundo y \u00e9stas armas son de f\u00e1cil distribuci\u00f3n, no requieren de mantenimiento especializado, y su costo es relativamente bajo.<br \/>\nHoy en d\u00eda los conflictos m\u00e1s destacados a nivel mundial como los de Irak, Afganist\u00e1n, Chechenia, Israel-Palestina, Cachemira, Sud\u00e1n o Sri-Lanka, est\u00e1n generando miles de muertes de civiles y combatientes, no con armas de destrucci\u00f3n masiva ni de alta tecnolog\u00eda, sino con armas peque\u00f1as y ligeras y diversos dispositivos explosivos de uso personal.<br \/>\nPor otra parte, en algunas ciudades del globo se est\u00e1n presentando situaciones de orden p\u00fablico muy graves con pandillas de j\u00f3venes delincuentes que han desarrollado niveles importantes de poder gracias al acceso que \u00e9stas han tenido a las armas peque\u00f1as y ligeras. Tal es el caso de ciudades como Los \u00c1ngeles, Nueva York, Madrid, Medell\u00edn, Mosc\u00fa, o San Salvador y Managua.<\/p>\n<p><a href=\"https:\/\/www.bibliotecadeseguranca.com.br\/wp-content\/uploads\/2025\/03\/violencia-crimen-y-trafico-ilegal-de-armas-en-colombia.pdf\" target=\"_blank\" rel=\"noopener\"><img loading=\"lazy\" decoding=\"async\" class=\"alignleft wp-image-12143 size-full\" src=\"https:\/\/www.bibliotecadeseguranca.com.br\/fr\/wp-content\/uploads\/2015\/03\/download_fr.gif\" alt=\"T\u00e9l\u00e9charger\" width=\"107\" height=\"25\" \/><\/a><\/p>\n","protected":false},"excerpt":{"rendered":"<p>UNODC Descripci\u00f3n: Si bien la principal preocupaci\u00f3n en materia de control de armas durante los tiempos de la Guerra Fr\u00eda fue el control de las armas nucleares y \u201cestrat\u00e9gicas\u201d, durante los \u00faltimos a\u00f1os la preocupaci\u00f3n por la incidencia de las armas cortas y ligeras1 en la violencia cotidiana, en la criminalidad, en el terrorismo y en los diferentes conflictos a nivel mundial ha venido ocupando un lugar cada vez m\u00e1s&hellip; <\/p>\n","protected":false},"author":3,"featured_media":20434,"comment_status":"open","ping_status":"closed","sticky":false,"template":"","format":"standard","meta":{"footnotes":""},"categories":[81,6,25,112],"tags":[],"class_list":["post-20433","post","type-post","status-publish","format-standard","has-post-thumbnail","hentry","category-espanol","category-livros","category-seguranca-publica-e-defesa","category-download"],"views":151,"_links":{"self":[{"href":"https:\/\/www.bibliotecadeseguranca.com.br\/fr\/wp-json\/wp\/v2\/posts\/20433","targetHints":{"allow":["GET"]}}],"collection":[{"href":"https:\/\/www.bibliotecadeseguranca.com.br\/fr\/wp-json\/wp\/v2\/posts"}],"about":[{"href":"https:\/\/www.bibliotecadeseguranca.com.br\/fr\/wp-json\/wp\/v2\/types\/post"}],"author":[{"embeddable":true,"href":"https:\/\/www.bibliotecadeseguranca.com.br\/fr\/wp-json\/wp\/v2\/users\/3"}],"replies":[{"embeddable":true,"href":"https:\/\/www.bibliotecadeseguranca.com.br\/fr\/wp-json\/wp\/v2\/comments?post=20433"}],"version-history":[{"count":1,"href":"https:\/\/www.bibliotecadeseguranca.com.br\/fr\/wp-json\/wp\/v2\/posts\/20433\/revisions"}],"predecessor-version":[{"id":20435,"href":"https:\/\/www.bibliotecadeseguranca.com.br\/fr\/wp-json\/wp\/v2\/posts\/20433\/revisions\/20435"}],"wp:featuredmedia":[{"embeddable":true,"href":"https:\/\/www.bibliotecadeseguranca.com.br\/fr\/wp-json\/wp\/v2\/media\/20434"}],"wp:attachment":[{"href":"https:\/\/www.bibliotecadeseguranca.com.br\/fr\/wp-json\/wp\/v2\/media?parent=20433"}],"wp:term":[{"taxonomy":"category","embeddable":true,"href":"https:\/\/www.bibliotecadeseguranca.com.br\/fr\/wp-json\/wp\/v2\/categories?post=20433"},{"taxonomy":"post_tag","embeddable":true,"href":"https:\/\/www.bibliotecadeseguranca.com.br\/fr\/wp-json\/wp\/v2\/tags?post=20433"}],"curies":[{"name":"wp","href":"https:\/\/api.w.org\/{rel}","templated":true}]}}