{"id":20370,"date":"2025-02-10T14:00:47","date_gmt":"2025-02-10T17:00:47","guid":{"rendered":"https:\/\/www.bibliotecadeseguranca.com.br\/fr\/?p=20370"},"modified":"2025-02-10T13:38:47","modified_gmt":"2025-02-10T16:38:47","slug":"vulnerabilidades-gestao-de-seguranca-publica-e-cidades","status":"publish","type":"post","link":"https:\/\/www.bibliotecadeseguranca.com.br\/fr\/livros\/vulnerabilidades-gestao-de-seguranca-publica-e-cidades\/","title":{"rendered":"Vulnerabilidades, Gest\u00e3o de Seguran\u00e7a P\u00fablica e Cidades"},"content":{"rendered":"<p><span style=\"color: #003366;\"><strong><img loading=\"lazy\" decoding=\"async\" class=\"alignleft size-full wp-image-20371\" src=\"https:\/\/www.bibliotecadeseguranca.com.br\/fr\/wp-content\/uploads\/2025\/02\/vulnerabilidades-gestao-de-seguranca-publica-e-cidades.jpg\" alt=\"Vulnerabilidades, Gest\u00e3o de Seguran\u00e7a P\u00fablica e Cidades\" width=\"145\" height=\"205\" srcset=\"https:\/\/www.bibliotecadeseguranca.com.br\/fr\/wp-content\/uploads\/2025\/02\/vulnerabilidades-gestao-de-seguranca-publica-e-cidades.jpg 145w, https:\/\/www.bibliotecadeseguranca.com.br\/fr\/wp-content\/uploads\/2025\/02\/vulnerabilidades-gestao-de-seguranca-publica-e-cidades-106x150.jpg 106w\" sizes=\"auto, (max-width: 145px) 100vw, 145px\" \/>Claudio Alberto Gabriel Guimar\u00e3es<\/strong><\/span><\/p>\n<p><span style=\"color: #003366;\"><strong>Maison d&#8217;\u00e9dition CRV<\/strong><\/span><\/p>\n<p><span style=\"color: #003366;\"><strong>R\u00e9sum\u00e9:<\/strong><\/span> Em seu livro Vulnerabilidades, gest\u00e3o de Seguran\u00e7a P\u00fablica e cidades: o papel dos Munic\u00edpios no combate \u00e0s viol\u00eancias, Claudio Alberto Gabriel Guimar\u00e3es oferece uma an\u00e1lise profunda e cient\u00edfica sobre as consequ\u00eancias da ado\u00e7\u00e3o de pol\u00edticas p\u00fablicas municipais de abrang\u00eancia social como mecanismo de preven\u00e7\u00e3o e enfrentamento da criminalidade. Ressalta, o autor, a import\u00e2ncia da efetiva\u00e7\u00e3o de instrumentos capazes de mitigar as vulnerabilidades que se originam nas profundas desigualdades sociais, circunst\u00e2ncias que se refletem por meio da desorganiza\u00e7\u00e3o social e urbana. Considera, ainda, em conson\u00e2ncia com princ\u00edpios insculpidos na Constitui\u00e7\u00e3o da Rep\u00fablica brasileira de 1988 e como alternativa ao contexto reativo\/repressivo, que as pol\u00edticas p\u00fablicas locais t\u00eam maiores condi\u00e7\u00f5es de apresentar solu\u00e7\u00f5es concretas para a crescente onda de viol\u00eancias estrutural e criminal que afligem o pa\u00eds.<\/p>\n","protected":false},"excerpt":{"rendered":"<p>Claudio Alberto Gabriel Guimar\u00e3es Maison d&#8217;\u00e9dition CRV R\u00e9sum\u00e9: Em seu livro Vulnerabilidades, gest\u00e3o de Seguran\u00e7a P\u00fablica e cidades: o papel dos Munic\u00edpios no combate \u00e0s viol\u00eancias, Claudio Alberto Gabriel Guimar\u00e3es oferece uma an\u00e1lise profunda e cient\u00edfica sobre as consequ\u00eancias da ado\u00e7\u00e3o de pol\u00edticas p\u00fablicas municipais de abrang\u00eancia social como mecanismo de preven\u00e7\u00e3o e enfrentamento da criminalidade. Ressalta, o autor, a import\u00e2ncia da efetiva\u00e7\u00e3o de instrumentos capazes de mitigar as vulnerabilidades&hellip; <\/p>\n","protected":false},"author":3,"featured_media":20371,"comment_status":"open","ping_status":"closed","sticky":false,"template":"","format":"standard","meta":{"footnotes":""},"categories":[6,25],"tags":[],"class_list":["post-20370","post","type-post","status-publish","format-standard","has-post-thumbnail","hentry","category-livros","category-seguranca-publica-e-defesa"],"views":128,"_links":{"self":[{"href":"https:\/\/www.bibliotecadeseguranca.com.br\/fr\/wp-json\/wp\/v2\/posts\/20370","targetHints":{"allow":["GET"]}}],"collection":[{"href":"https:\/\/www.bibliotecadeseguranca.com.br\/fr\/wp-json\/wp\/v2\/posts"}],"about":[{"href":"https:\/\/www.bibliotecadeseguranca.com.br\/fr\/wp-json\/wp\/v2\/types\/post"}],"author":[{"embeddable":true,"href":"https:\/\/www.bibliotecadeseguranca.com.br\/fr\/wp-json\/wp\/v2\/users\/3"}],"replies":[{"embeddable":true,"href":"https:\/\/www.bibliotecadeseguranca.com.br\/fr\/wp-json\/wp\/v2\/comments?post=20370"}],"version-history":[{"count":1,"href":"https:\/\/www.bibliotecadeseguranca.com.br\/fr\/wp-json\/wp\/v2\/posts\/20370\/revisions"}],"predecessor-version":[{"id":20372,"href":"https:\/\/www.bibliotecadeseguranca.com.br\/fr\/wp-json\/wp\/v2\/posts\/20370\/revisions\/20372"}],"wp:featuredmedia":[{"embeddable":true,"href":"https:\/\/www.bibliotecadeseguranca.com.br\/fr\/wp-json\/wp\/v2\/media\/20371"}],"wp:attachment":[{"href":"https:\/\/www.bibliotecadeseguranca.com.br\/fr\/wp-json\/wp\/v2\/media?parent=20370"}],"wp:term":[{"taxonomy":"category","embeddable":true,"href":"https:\/\/www.bibliotecadeseguranca.com.br\/fr\/wp-json\/wp\/v2\/categories?post=20370"},{"taxonomy":"post_tag","embeddable":true,"href":"https:\/\/www.bibliotecadeseguranca.com.br\/fr\/wp-json\/wp\/v2\/tags?post=20370"}],"curies":[{"name":"wp","href":"https:\/\/api.w.org\/{rel}","templated":true}]}}