{"id":20347,"date":"2025-01-31T14:00:59","date_gmt":"2025-01-31T17:00:59","guid":{"rendered":"https:\/\/www.bibliotecadeseguranca.com.br\/fr\/?p=20347"},"modified":"2025-01-31T12:42:03","modified_gmt":"2025-01-31T15:42:03","slug":"un-soupcon-de-competition-dans-la-securite","status":"publish","type":"post","link":"https:\/\/www.bibliotecadeseguranca.com.br\/fr\/livros\/un-soupcon-de-competition-dans-la-securite\/","title":{"rendered":"Un Soup\u00e7on de Comp\u00e9tition dans la S\u00e9curit\u00e9"},"content":{"rendered":"<p><span style=\"color: #003366;\"><strong><img loading=\"lazy\" decoding=\"async\" class=\"alignleft size-full wp-image-20348\" src=\"https:\/\/www.bibliotecadeseguranca.com.br\/fr\/wp-content\/uploads\/2025\/01\/un-soupcon-de-competition-dans-la-securite.jpg\" alt=\"Un Soup\u00e7on de Comp\u00e9tition dans la S\u00e9curit\u00e9\" width=\"145\" height=\"231\" srcset=\"https:\/\/www.bibliotecadeseguranca.com.br\/fr\/wp-content\/uploads\/2025\/01\/un-soupcon-de-competition-dans-la-securite.jpg 145w, https:\/\/www.bibliotecadeseguranca.com.br\/fr\/wp-content\/uploads\/2025\/01\/un-soupcon-de-competition-dans-la-securite-94x150.jpg 94w\" sizes=\"auto, (max-width: 145px) 100vw, 145px\" \/>Faouzi Bensebaa, Joan Le Goff<\/strong><\/span><\/p>\n<p><span style=\"color: #003366;\"><strong>Maison d&#8217;\u00e9dition L&#8217;harmattan<\/strong><\/span><\/p>\n<p><span style=\"color: #003366;\"><strong>R\u00e9sum\u00e9:<\/strong><\/span> Inscrite dans la D\u00e9claration des droits de l\u2019homme, la s\u00fbret\u00e9 n\u2019en demeure pas moins une pr\u00e9occupation constante et constitue donc pour chacun un besoin, voire un d\u00e9sir, par d\u00e9finition inassouvi.<br \/>\nCette demande de s\u00e9curit\u00e9 alimente une offre, provenant aussi bien de la force publique, dans ses pr\u00e9rogatives r\u00e9galiennes, que des entreprises priv\u00e9es, attir\u00e9es par un march\u00e9 lucratif et assez simple \u00e0 stimuler \u2013 si l\u2019on sait cr\u00e9er un sentiment d\u2019ins\u00e9curit\u00e9, le client accourra\u2026<br \/>\nCe nouveau volume de la collection \u00abDr\u00f4les de march\u00e9s\u00bb analyse les rouages de ce service atypique o\u00f9 les institutions \u2013 gendarmerie et Police nationale \u2013 croisent des acteurs dynamiques \u2013 polices municipales, s\u00e9curit\u00e9 priv\u00e9e, voisins vigilants\u2026 L\u2019analyse des forces en pr\u00e9sence est suivie d\u2019un focus sur les ressources humaines et les technologies. Des t\u00e9moignages de professionnels enrichissent l\u2019ensemble, offrant au lecteur des points de vue concrets sur la production de s\u00e9curit\u00e9 dans ce monde turbulent.<\/p>\n","protected":false},"excerpt":{"rendered":"<p>Faouzi Bensebaa, Joan Le Goff Maison d&#8217;\u00e9dition L&#8217;harmattan R\u00e9sum\u00e9: Inscrite dans la D\u00e9claration des droits de l\u2019homme, la s\u00fbret\u00e9 n\u2019en demeure pas moins une pr\u00e9occupation constante et constitue donc pour chacun un besoin, voire un d\u00e9sir, par d\u00e9finition inassouvi. Cette demande de s\u00e9curit\u00e9 alimente une offre, provenant aussi bien de la force publique, dans ses pr\u00e9rogatives r\u00e9galiennes, que des entreprises priv\u00e9es, attir\u00e9es par un march\u00e9 lucratif et assez simple \u00e0&hellip; <\/p>\n","protected":false},"author":3,"featured_media":20348,"comment_status":"open","ping_status":"closed","sticky":false,"template":"","format":"standard","meta":{"footnotes":""},"categories":[109,23,6,25],"tags":[],"class_list":["post-20347","post","type-post","status-publish","format-standard","has-post-thumbnail","hentry","category-francais","category-gestao-da-seguranca-empresarial","category-livros","category-seguranca-publica-e-defesa"],"views":202,"_links":{"self":[{"href":"https:\/\/www.bibliotecadeseguranca.com.br\/fr\/wp-json\/wp\/v2\/posts\/20347","targetHints":{"allow":["GET"]}}],"collection":[{"href":"https:\/\/www.bibliotecadeseguranca.com.br\/fr\/wp-json\/wp\/v2\/posts"}],"about":[{"href":"https:\/\/www.bibliotecadeseguranca.com.br\/fr\/wp-json\/wp\/v2\/types\/post"}],"author":[{"embeddable":true,"href":"https:\/\/www.bibliotecadeseguranca.com.br\/fr\/wp-json\/wp\/v2\/users\/3"}],"replies":[{"embeddable":true,"href":"https:\/\/www.bibliotecadeseguranca.com.br\/fr\/wp-json\/wp\/v2\/comments?post=20347"}],"version-history":[{"count":1,"href":"https:\/\/www.bibliotecadeseguranca.com.br\/fr\/wp-json\/wp\/v2\/posts\/20347\/revisions"}],"predecessor-version":[{"id":20349,"href":"https:\/\/www.bibliotecadeseguranca.com.br\/fr\/wp-json\/wp\/v2\/posts\/20347\/revisions\/20349"}],"wp:featuredmedia":[{"embeddable":true,"href":"https:\/\/www.bibliotecadeseguranca.com.br\/fr\/wp-json\/wp\/v2\/media\/20348"}],"wp:attachment":[{"href":"https:\/\/www.bibliotecadeseguranca.com.br\/fr\/wp-json\/wp\/v2\/media?parent=20347"}],"wp:term":[{"taxonomy":"category","embeddable":true,"href":"https:\/\/www.bibliotecadeseguranca.com.br\/fr\/wp-json\/wp\/v2\/categories?post=20347"},{"taxonomy":"post_tag","embeddable":true,"href":"https:\/\/www.bibliotecadeseguranca.com.br\/fr\/wp-json\/wp\/v2\/tags?post=20347"}],"curies":[{"name":"wp","href":"https:\/\/api.w.org\/{rel}","templated":true}]}}