{"id":20315,"date":"2025-01-17T14:00:15","date_gmt":"2025-01-17T17:00:15","guid":{"rendered":"https:\/\/www.bibliotecadeseguranca.com.br\/fr\/?p=20315"},"modified":"2025-01-17T13:58:18","modified_gmt":"2025-01-17T16:58:18","slug":"securite-interieure-proximite-et-globalite","status":"publish","type":"post","link":"https:\/\/www.bibliotecadeseguranca.com.br\/fr\/livros\/securite-interieure-proximite-et-globalite\/","title":{"rendered":"S\u00e9curit\u00e9 Int\u00e9rieure: Proximit\u00e9 et Globalit\u00e9"},"content":{"rendered":"<p><span style=\"color: #003366;\"><strong><img loading=\"lazy\" decoding=\"async\" class=\"alignleft size-full wp-image-20316\" src=\"https:\/\/www.bibliotecadeseguranca.com.br\/fr\/wp-content\/uploads\/2025\/01\/securite-interieure-proximite-et-globalite.jpg\" alt=\"S\u00e9curit\u00e9 Int\u00e9rieure: Proximit\u00e9 et Globalit\u00e9\" width=\"145\" height=\"232\" srcset=\"https:\/\/www.bibliotecadeseguranca.com.br\/fr\/wp-content\/uploads\/2025\/01\/securite-interieure-proximite-et-globalite.jpg 145w, https:\/\/www.bibliotecadeseguranca.com.br\/fr\/wp-content\/uploads\/2025\/01\/securite-interieure-proximite-et-globalite-94x150.jpg 94w\" sizes=\"auto, (max-width: 145px) 100vw, 145px\" \/>Franck Durand<\/strong><\/span><\/p>\n<p><span style=\"color: #003366;\"><strong>Maison d&#8217;\u00e9dition Editions L\u2019Harmattan<\/strong><\/span><\/p>\n<p><span style=\"color: #003366;\"><strong>R\u00e9sum\u00e9:<\/strong><\/span> Il est devenu n\u00e9cessaire d&#8217;envisager la s\u00e9curit\u00e9 int\u00e9rieure en termes de proximit\u00e9 et de globalit\u00e9. Ainsi en est-il de la r\u00e9forme embl\u00e9matique de la nouvelle majorit\u00e9 : la police de s\u00e9curit\u00e9 du quotidien, entre pr\u00e9sence au plus proche des citoyens et restauration de l&#8217;autorit\u00e9 de l&#8217;\u00c9tat sur le terrain. Dans le cadre de cette r\u00e9forme, l&#8217;avenir du garde-champ\u00eatre, acteur traditionnel de la s\u00e9curit\u00e9 rurale, fait l&#8217;objet d&#8217;incertitudes. Les risques sociaux et soci\u00e9taux, les nouvelles menaces, s&#8217;inscrivent eux aussi dans plusieurs dimensions. Les rapports entre les acteurs de la s\u00e9curit\u00e9 reposent sur une n\u00e9cessaire compl\u00e9mentarit\u00e9. Enfin, la r\u00e9volution num\u00e9rique a cr\u00e9\u00e9 un nouvel espace offrant aux pr\u00e9dateurs un nouveau terrain de chasse : cybercriminalit\u00e9, cyberconflictualit\u00e9 et cyberguerre.<\/p>\n","protected":false},"excerpt":{"rendered":"<p>Franck Durand Maison d&#8217;\u00e9dition Editions L\u2019Harmattan R\u00e9sum\u00e9: Il est devenu n\u00e9cessaire d&#8217;envisager la s\u00e9curit\u00e9 int\u00e9rieure en termes de proximit\u00e9 et de globalit\u00e9. Ainsi en est-il de la r\u00e9forme embl\u00e9matique de la nouvelle majorit\u00e9 : la police de s\u00e9curit\u00e9 du quotidien, entre pr\u00e9sence au plus proche des citoyens et restauration de l&#8217;autorit\u00e9 de l&#8217;\u00c9tat sur le terrain. Dans le cadre de cette r\u00e9forme, l&#8217;avenir du garde-champ\u00eatre, acteur traditionnel de la s\u00e9curit\u00e9&hellip; <\/p>\n","protected":false},"author":3,"featured_media":20316,"comment_status":"open","ping_status":"closed","sticky":false,"template":"","format":"standard","meta":{"footnotes":""},"categories":[109,6,25],"tags":[],"class_list":["post-20315","post","type-post","status-publish","format-standard","has-post-thumbnail","hentry","category-francais","category-livros","category-seguranca-publica-e-defesa"],"views":147,"_links":{"self":[{"href":"https:\/\/www.bibliotecadeseguranca.com.br\/fr\/wp-json\/wp\/v2\/posts\/20315","targetHints":{"allow":["GET"]}}],"collection":[{"href":"https:\/\/www.bibliotecadeseguranca.com.br\/fr\/wp-json\/wp\/v2\/posts"}],"about":[{"href":"https:\/\/www.bibliotecadeseguranca.com.br\/fr\/wp-json\/wp\/v2\/types\/post"}],"author":[{"embeddable":true,"href":"https:\/\/www.bibliotecadeseguranca.com.br\/fr\/wp-json\/wp\/v2\/users\/3"}],"replies":[{"embeddable":true,"href":"https:\/\/www.bibliotecadeseguranca.com.br\/fr\/wp-json\/wp\/v2\/comments?post=20315"}],"version-history":[{"count":1,"href":"https:\/\/www.bibliotecadeseguranca.com.br\/fr\/wp-json\/wp\/v2\/posts\/20315\/revisions"}],"predecessor-version":[{"id":20317,"href":"https:\/\/www.bibliotecadeseguranca.com.br\/fr\/wp-json\/wp\/v2\/posts\/20315\/revisions\/20317"}],"wp:featuredmedia":[{"embeddable":true,"href":"https:\/\/www.bibliotecadeseguranca.com.br\/fr\/wp-json\/wp\/v2\/media\/20316"}],"wp:attachment":[{"href":"https:\/\/www.bibliotecadeseguranca.com.br\/fr\/wp-json\/wp\/v2\/media?parent=20315"}],"wp:term":[{"taxonomy":"category","embeddable":true,"href":"https:\/\/www.bibliotecadeseguranca.com.br\/fr\/wp-json\/wp\/v2\/categories?post=20315"},{"taxonomy":"post_tag","embeddable":true,"href":"https:\/\/www.bibliotecadeseguranca.com.br\/fr\/wp-json\/wp\/v2\/tags?post=20315"}],"curies":[{"name":"wp","href":"https:\/\/api.w.org\/{rel}","templated":true}]}}