{"id":20285,"date":"2025-01-06T14:00:40","date_gmt":"2025-01-06T17:00:40","guid":{"rendered":"https:\/\/www.bibliotecadeseguranca.com.br\/fr\/?p=20285"},"modified":"2025-01-06T03:58:21","modified_gmt":"2025-01-06T06:58:21","slug":"guia-sobre-prevencao-e-resposta-a-violencia-as-escolas","status":"publish","type":"post","link":"https:\/\/www.bibliotecadeseguranca.com.br\/fr\/livros\/guia-sobre-prevencao-e-resposta-a-violencia-as-escolas\/","title":{"rendered":"Guia Sobre Preven\u00e7\u00e3o e Resposta \u00e0 Viol\u00eancia \u00e0s Escolas"},"content":{"rendered":"<p><span style=\"color: #003366;\"><strong><img loading=\"lazy\" decoding=\"async\" class=\"alignleft size-full wp-image-20286\" src=\"https:\/\/www.bibliotecadeseguranca.com.br\/fr\/wp-content\/uploads\/2025\/01\/guia-sobre-prevencao-e-resposta-a-violencia-as-escolas.jpg\" alt=\"Guia Sobre Preven\u00e7\u00e3o e Resposta \u00e0 Viol\u00eancia \u00e0s Escolas\" width=\"145\" height=\"205\" srcset=\"https:\/\/www.bibliotecadeseguranca.com.br\/fr\/wp-content\/uploads\/2025\/01\/guia-sobre-prevencao-e-resposta-a-violencia-as-escolas.jpg 145w, https:\/\/www.bibliotecadeseguranca.com.br\/fr\/wp-content\/uploads\/2025\/01\/guia-sobre-prevencao-e-resposta-a-violencia-as-escolas-106x150.jpg 106w\" sizes=\"auto, (max-width: 145px) 100vw, 145px\" \/>Instituto Campanha Nacional pelo Direito \u00e0 Educa\u00e7\u00e3o<\/strong><\/span><\/p>\n<p><span style=\"color: #003366;\"><strong>R\u00e9sum\u00e9:<\/strong><\/span> Neste in\u00edcio de 2023, escolas de todo o pa\u00eds t\u00eam vivenciado o medo, inseguran\u00e7a e, inclusive, ataques violentos provocados por estudantes. Diante da gravidade do fen\u00f4meno, a Campanha Nacional pelo Direito \u00e0 Educa\u00e7\u00e3o desenvolveu este Guia sobre Preven\u00e7\u00e3o e Resposta \u00e0 Viol\u00eancias \u00e0s Escolas. Deste modo, o documento busca apresentar para as comunidades escolares, sociedade em geral e tomadores de decis\u00e3o aspectos fundamentais para compreens\u00e3o do fen\u00f4meno.<br \/>\nA exist\u00eancia de conflitos \u00e9 uma caracter\u00edstica intr\u00ednseca ao comportamento humano e, em certas circunst\u00e2ncias, pode oferecer oportunidades para o estabelecimento de di\u00e1logos e para a promo\u00e7\u00e3o da conviv\u00eancia. Quando indiv\u00edduos convivem em um mesmo ambiente, como \u00e9 o caso da escola, \u00e9 poss\u00edvel no entanto que ocorram diverg\u00eancias que podem desencadear condutas violentas.<br \/>\nNos \u00faltimos anos, temos observado um aumento do fen\u00f4meno mundial de grupos (chan, incel, troll, anon, sanctus, mis\u00f3ginos, racistas, homof\u00f3bicos, transf\u00f3bicos, neonazistas, extremistas de direita e supremacistas, por exemplo) que disseminam o discurso do \u00f3dio em diversas m\u00eddias, incluindo a deep web e a dark web, mas tamb\u00e9m em ambientes de mais f\u00e1cil acesso virtual. Esses grupos conquistam o apoio de jovens e os desafiam a agir por meio de ataques orquestrados. \u00c9 importante destacar que h\u00e1 tamb\u00e9m a\u00e7\u00f5es individuais promovidas por \u201clobos solit\u00e1rios\u201d, que s\u00e3o influenciados por esse discurso.<br \/>\nPara combater esses grupos, a rede de intelig\u00eancia do Minist\u00e9rio da Justi\u00e7a e Seguran\u00e7a P\u00fablica (MJSP) est\u00e1 se articulando com os setores de intelig\u00eancia das secretarias estaduais de seguran\u00e7a p\u00fablica, a fim de monitorar suas atividades e agir para impedir esse tipo de ocorr\u00eancia.<\/p>\n<p><a href=\"https:\/\/www.bibliotecadeseguranca.com.br\/wp-content\/uploads\/2025\/01\/guia-sobre-prevencao-e-resposta-a-violencia-as-escolas.pdf\" target=\"_blank\" rel=\"noopener\"><img loading=\"lazy\" decoding=\"async\" class=\"alignleft wp-image-12143 size-full\" src=\"https:\/\/www.bibliotecadeseguranca.com.br\/fr\/wp-content\/uploads\/2015\/03\/download_fr.gif\" alt=\"T\u00e9l\u00e9charger\" width=\"107\" height=\"25\" \/><\/a><\/p>\n","protected":false},"excerpt":{"rendered":"<p>Instituto Campanha Nacional pelo Direito \u00e0 Educa\u00e7\u00e3o R\u00e9sum\u00e9: Neste in\u00edcio de 2023, escolas de todo o pa\u00eds t\u00eam vivenciado o medo, inseguran\u00e7a e, inclusive, ataques violentos provocados por estudantes. Diante da gravidade do fen\u00f4meno, a Campanha Nacional pelo Direito \u00e0 Educa\u00e7\u00e3o desenvolveu este Guia sobre Preven\u00e7\u00e3o e Resposta \u00e0 Viol\u00eancias \u00e0s Escolas. Deste modo, o documento busca apresentar para as comunidades escolares, sociedade em geral e tomadores de decis\u00e3o aspectos&hellip; <\/p>\n","protected":false},"author":3,"featured_media":20286,"comment_status":"open","ping_status":"closed","sticky":false,"template":"","format":"standard","meta":{"footnotes":""},"categories":[6,25,112],"tags":[],"class_list":["post-20285","post","type-post","status-publish","format-standard","has-post-thumbnail","hentry","category-livros","category-seguranca-publica-e-defesa","category-download"],"views":290,"_links":{"self":[{"href":"https:\/\/www.bibliotecadeseguranca.com.br\/fr\/wp-json\/wp\/v2\/posts\/20285","targetHints":{"allow":["GET"]}}],"collection":[{"href":"https:\/\/www.bibliotecadeseguranca.com.br\/fr\/wp-json\/wp\/v2\/posts"}],"about":[{"href":"https:\/\/www.bibliotecadeseguranca.com.br\/fr\/wp-json\/wp\/v2\/types\/post"}],"author":[{"embeddable":true,"href":"https:\/\/www.bibliotecadeseguranca.com.br\/fr\/wp-json\/wp\/v2\/users\/3"}],"replies":[{"embeddable":true,"href":"https:\/\/www.bibliotecadeseguranca.com.br\/fr\/wp-json\/wp\/v2\/comments?post=20285"}],"version-history":[{"count":1,"href":"https:\/\/www.bibliotecadeseguranca.com.br\/fr\/wp-json\/wp\/v2\/posts\/20285\/revisions"}],"predecessor-version":[{"id":20287,"href":"https:\/\/www.bibliotecadeseguranca.com.br\/fr\/wp-json\/wp\/v2\/posts\/20285\/revisions\/20287"}],"wp:featuredmedia":[{"embeddable":true,"href":"https:\/\/www.bibliotecadeseguranca.com.br\/fr\/wp-json\/wp\/v2\/media\/20286"}],"wp:attachment":[{"href":"https:\/\/www.bibliotecadeseguranca.com.br\/fr\/wp-json\/wp\/v2\/media?parent=20285"}],"wp:term":[{"taxonomy":"category","embeddable":true,"href":"https:\/\/www.bibliotecadeseguranca.com.br\/fr\/wp-json\/wp\/v2\/categories?post=20285"},{"taxonomy":"post_tag","embeddable":true,"href":"https:\/\/www.bibliotecadeseguranca.com.br\/fr\/wp-json\/wp\/v2\/tags?post=20285"}],"curies":[{"name":"wp","href":"https:\/\/api.w.org\/{rel}","templated":true}]}}