{"id":20271,"date":"2024-12-23T14:00:53","date_gmt":"2024-12-23T17:00:53","guid":{"rendered":"https:\/\/www.bibliotecadeseguranca.com.br\/fr\/?p=20271"},"modified":"2024-12-23T12:42:03","modified_gmt":"2024-12-23T15:42:03","slug":"revista-fenavist-dezembro-2024","status":"publish","type":"post","link":"https:\/\/www.bibliotecadeseguranca.com.br\/fr\/periodicos-de-seguranca\/revista-fenavist-dezembro-2024\/","title":{"rendered":"Revista Fenavist \u2013 Dezembro 2024"},"content":{"rendered":"<p><span style=\"color: #003366;\"><strong><img loading=\"lazy\" decoding=\"async\" class=\"alignleft size-full wp-image-20272\" src=\"https:\/\/www.bibliotecadeseguranca.com.br\/fr\/wp-content\/uploads\/2024\/12\/revista-fenavist-dezembro-2024.jpg\" alt=\"Revista Fenavist \u2013 Dezembro 2024\" width=\"145\" height=\"195\" srcset=\"https:\/\/www.bibliotecadeseguranca.com.br\/fr\/wp-content\/uploads\/2024\/12\/revista-fenavist-dezembro-2024.jpg 145w, https:\/\/www.bibliotecadeseguranca.com.br\/fr\/wp-content\/uploads\/2024\/12\/revista-fenavist-dezembro-2024-112x150.jpg 112w\" sizes=\"auto, (max-width: 145px) 100vw, 145px\" \/>R\u00e9sum\u00e9:<\/strong><\/span> Ano hist\u00f3rico, mas o futuro ser\u00e1 de batalhas<\/p>\n<p>Chegamos ao final de 2024 com a sensa\u00e7\u00e3o de que o trabalho desenvolvido pela Federa\u00e7\u00e3o Nacional das Empresas de Seguran\u00e7a e Transporte de Valores (Fenavist) est\u00e1 no caminho certo. Sem d\u00favida, a aprova\u00e7\u00e3o do Estatuto da Seguran\u00e7a Privada (Lei n\u00ba 14.967\/2024) foi o grande marco do ano \u2013 ou melhor, das \u00faltimas d\u00e9cadas. Mas essa n\u00e3o foi a \u00fanica conquista significativa dos \u00faltimos 12 meses.<\/p>\n<p>Ap\u00f3s seis anos de perdas, finalmente, vimos o n\u00famero de postos de trabalho voltar a crescer, ainda que de forma modesta. Esse avan\u00e7o \u00e9 fruto do trabalho incans\u00e1vel dos nossos empres\u00e1rios, verdadeiros guerreiros que, mesmo diante de crises econ\u00f4micas e de uma pandemia mundial, n\u00e3o desistiram.<\/p>\n<p>Outro motivo de celebra\u00e7\u00e3o foi o 35\u00ba anivers\u00e1rio da Fenavist, uma trajet\u00f3ria de sucesso que se confunde com o pr\u00f3prio desenvolvimento da seguran\u00e7a privada no Brasil. S\u00e3o 35 anos de luta, dedica\u00e7\u00e3o e conquistas que consolidam a import\u00e2ncia do setor para a sociedade.<\/p>\n<p>As boas not\u00edcias do presente nos deixam felizes, mas n\u00e3o nos iludem. Um futuro promissor da nossa atividade passa por v\u00e1rias outras conquistas. Terminamos, sim, o ano muito felizes, mas com os olhos voltados para os desafios que ainda est\u00e3o por vir.<\/p>\n<p>Bem diante dos nossos olhos est\u00e1 a regulamenta\u00e7\u00e3o do Estatuto da Seguran\u00e7a Privada. Esse \u00e9 o passo definitivo para que os avan\u00e7os trazidos pela nova legisla\u00e7\u00e3o se tornem realidade. Desde setembro, trabalhamos diariamente com a Pol\u00edcia Federal e outras entidades do setor para que o decreto que vai regulamentar a Lei n\u00ba 14.967\/2024 n\u00e3o apenas seja publicado, mas potencialize todas as possibilidades e oportunidades que a nova legisla\u00e7\u00e3o oferece. Acredito que, at\u00e9 o in\u00edcio do pr\u00f3ximo ano, tudo estar\u00e1 resolvido.<\/p>\n<p>Outro grande desafio est\u00e1 em curso no Congresso Nacional: a Reforma Tribut\u00e1ria. A luta para garantir que as mudan\u00e7as fiscais n\u00e3o sobrecarreguem o nosso setor tem sido \u00e1rdua, assim como foi a batalha pela aprova\u00e7\u00e3o do Estatuto.<\/p>\n<p>As proje\u00e7\u00f5es atuais, infelizmente, s\u00e3o preocupantes. A compensa\u00e7\u00e3o tribut\u00e1ria por meio de cr\u00e9ditos n\u00e3o beneficia o setor, o que exige uma aten\u00e7\u00e3o redobrada na negocia\u00e7\u00e3o de ajustes legislativos. Temos concentrado nossos esfor\u00e7os para que as mudan\u00e7as na legisla\u00e7\u00e3o fiscal n\u00e3o asfixiem a nossa atividade.<\/p>\n<p>Uma regulamenta\u00e7\u00e3o condizente com as especificidades do segmento em rela\u00e7\u00e3o \u00e0 Lei do Menor Aprendiz \u00e9 prioridade absoluta para n\u00f3s. O entrave teria sido resolvido caso o Senado n\u00e3o houvesse retirado do texto o trecho da Lei n\u00ba 14.967\/2024.<\/p>\n<p>Mantemos contato quase di\u00e1rio com parlamentares e o Minist\u00e9rio do Trabalho. Esse impasse, que tem acarretado multas e quest\u00f5es jur\u00eddicas para as nossas empresas, precisa ser solucionado. N\u00e3o vamos desistir.<\/p>\n<p>Encerramos 2024 satisfeitos, sabedores de que estamos no caminho certo, mas com novos desafios no horizonte. A seguran\u00e7a privada s\u00f3 \u00e9 grande porque n\u00e3o nos acomodamos em nenhum momento e, assim, seguiremos.<\/p>\n<p>A Fenavist e todo o setor est\u00e3o prontos para os desafios que nos aguardam em 2025, com o compromisso de continuar defendendo os interesses das empresas e dos profissionais da seguran\u00e7a privada.<\/p>\n<p>Desejo a todos um Feliz Natal e um 2025 repleto de conquistas e realiza\u00e7\u00f5es. Que o pr\u00f3ximo ano seja ainda mais vitorioso para a nossa categoria.<\/p>\n<p>Um grande abra\u00e7o.<\/p>\n<p>Jeferson Naz\u00e1rio<br \/>\nPresidente da Fenavist<\/p>\n<p><a href=\"https:\/\/www.bibliotecadeseguranca.com.br\/wp-content\/uploads\/2024\/12\/revista-fenavist-dezembro-2024.pdf\" target=\"_blank\" rel=\"noopener\"><img loading=\"lazy\" decoding=\"async\" class=\"alignleft wp-image-12143 size-full\" src=\"https:\/\/www.bibliotecadeseguranca.com.br\/fr\/wp-content\/uploads\/2015\/03\/download_fr.gif\" alt=\"T\u00e9l\u00e9charger\" width=\"107\" height=\"25\" \/><\/a><\/p>\n","protected":false},"excerpt":{"rendered":"<p>R\u00e9sum\u00e9: Ano hist\u00f3rico, mas o futuro ser\u00e1 de batalhas Chegamos ao final de 2024 com a sensa\u00e7\u00e3o de que o trabalho desenvolvido pela Federa\u00e7\u00e3o Nacional das Empresas de Seguran\u00e7a e Transporte de Valores (Fenavist) est\u00e1 no caminho certo. Sem d\u00favida, a aprova\u00e7\u00e3o do Estatuto da Seguran\u00e7a Privada (Lei n\u00ba 14.967\/2024) foi o grande marco do ano \u2013 ou melhor, das \u00faltimas d\u00e9cadas. Mas essa n\u00e3o foi a \u00fanica conquista significativa&hellip; <\/p>\n","protected":false},"author":3,"featured_media":20272,"comment_status":"open","ping_status":"closed","sticky":false,"template":"","format":"standard","meta":{"footnotes":""},"categories":[124,71,112],"tags":[],"class_list":["post-20271","post","type-post","status-publish","format-standard","has-post-thumbnail","hentry","category-revista-fenavist","category-periodicos-de-seguranca","category-download"],"views":301,"_links":{"self":[{"href":"https:\/\/www.bibliotecadeseguranca.com.br\/fr\/wp-json\/wp\/v2\/posts\/20271","targetHints":{"allow":["GET"]}}],"collection":[{"href":"https:\/\/www.bibliotecadeseguranca.com.br\/fr\/wp-json\/wp\/v2\/posts"}],"about":[{"href":"https:\/\/www.bibliotecadeseguranca.com.br\/fr\/wp-json\/wp\/v2\/types\/post"}],"author":[{"embeddable":true,"href":"https:\/\/www.bibliotecadeseguranca.com.br\/fr\/wp-json\/wp\/v2\/users\/3"}],"replies":[{"embeddable":true,"href":"https:\/\/www.bibliotecadeseguranca.com.br\/fr\/wp-json\/wp\/v2\/comments?post=20271"}],"version-history":[{"count":1,"href":"https:\/\/www.bibliotecadeseguranca.com.br\/fr\/wp-json\/wp\/v2\/posts\/20271\/revisions"}],"predecessor-version":[{"id":20273,"href":"https:\/\/www.bibliotecadeseguranca.com.br\/fr\/wp-json\/wp\/v2\/posts\/20271\/revisions\/20273"}],"wp:featuredmedia":[{"embeddable":true,"href":"https:\/\/www.bibliotecadeseguranca.com.br\/fr\/wp-json\/wp\/v2\/media\/20272"}],"wp:attachment":[{"href":"https:\/\/www.bibliotecadeseguranca.com.br\/fr\/wp-json\/wp\/v2\/media?parent=20271"}],"wp:term":[{"taxonomy":"category","embeddable":true,"href":"https:\/\/www.bibliotecadeseguranca.com.br\/fr\/wp-json\/wp\/v2\/categories?post=20271"},{"taxonomy":"post_tag","embeddable":true,"href":"https:\/\/www.bibliotecadeseguranca.com.br\/fr\/wp-json\/wp\/v2\/tags?post=20271"}],"curies":[{"name":"wp","href":"https:\/\/api.w.org\/{rel}","templated":true}]}}