{"id":20258,"date":"2024-12-16T14:00:00","date_gmt":"2024-12-16T17:00:00","guid":{"rendered":"https:\/\/www.bibliotecadeseguranca.com.br\/fr\/?p=20258"},"modified":"2024-12-16T13:15:29","modified_gmt":"2024-12-16T16:15:29","slug":"a-atuacao-das-forcas-armadas-na-politica-publica-de-seguranca-no-estado-do-rio-de-janeiro","status":"publish","type":"post","link":"https:\/\/www.bibliotecadeseguranca.com.br\/fr\/livros\/a-atuacao-das-forcas-armadas-na-politica-publica-de-seguranca-no-estado-do-rio-de-janeiro\/","title":{"rendered":"A Atua\u00e7\u00e3o das For\u00e7as Armadas na Pol\u00edtica P\u00fablica de Seguran\u00e7a no Estado do Rio de Janeiro"},"content":{"rendered":"<p><span style=\"color: #003366;\"><strong><img loading=\"lazy\" decoding=\"async\" class=\"alignleft size-full wp-image-20259\" src=\"https:\/\/www.bibliotecadeseguranca.com.br\/fr\/wp-content\/uploads\/2024\/12\/a-atuacao-das-forcas-armadas-na-politica-publica-de-seguranca-no-estado-do-rio-de-janeiro.jpg\" alt=\"A Atua\u00e7\u00e3o das For\u00e7as Armadas na Pol\u00edtica P\u00fablica de Seguran\u00e7a no Estado do Rio de Janeiro\" width=\"145\" height=\"205\" srcset=\"https:\/\/www.bibliotecadeseguranca.com.br\/fr\/wp-content\/uploads\/2024\/12\/a-atuacao-das-forcas-armadas-na-politica-publica-de-seguranca-no-estado-do-rio-de-janeiro.jpg 145w, https:\/\/www.bibliotecadeseguranca.com.br\/fr\/wp-content\/uploads\/2024\/12\/a-atuacao-das-forcas-armadas-na-politica-publica-de-seguranca-no-estado-do-rio-de-janeiro-106x150.jpg 106w\" sizes=\"auto, (max-width: 145px) 100vw, 145px\" \/>Fernando Pereira da Silva<\/strong><\/span><\/p>\n<p><span style=\"color: #003366;\"><strong>Maison d&#8217;\u00e9dition Dial\u00e9tica<\/strong><\/span><\/p>\n<p><span style=\"color: #003366;\"><strong>R\u00e9sum\u00e9:<\/strong><\/span> Este livro trata da atua\u00e7\u00e3o das For\u00e7as Armadas na pol\u00edtica p\u00fablica de seguran\u00e7a no estado do Rio de Janeiro, explicando-se os prov\u00e1veis motivos pelos quais se deteriorou a seguran\u00e7a p\u00fablica, \u00e0 luz da ci\u00eancia pol\u00edtica e do ciclo de pol\u00edticas p\u00fablicas. Tal atua\u00e7\u00e3o vem se intensificando por meio da denominada Garantia da Lei e da Ordem (GLO), haja vista o quadro de inseguran\u00e7a vigente no Brasil, especialmente nas regi\u00f5es metropolitanas, e seu \u00e1pice ocorreu durante a interven\u00e7\u00e3o federal na seguran\u00e7a p\u00fablica do Estado do Rio de Janeiro, decretada no ano de 2018. O estudo constante neste livro compreendeu o poder de pol\u00edcia e a experi\u00eancia das For\u00e7as Armadas no Haiti &#8211; aqui destacada como precursora da GLO &#8211; , elencando-se as participa\u00e7\u00f5es das For\u00e7as Armadas na seguran\u00e7a dos Estados do Rio de Janeiro, Minas Gerais e Esp\u00edrito Santo. A experi\u00eancia colombiana no combate \u00e0 criminalidade, as a\u00e7\u00f5es ali implementadas e o seu \u00eaxito na redu\u00e7\u00e3o dos \u00edndices criminais s\u00e3o destacados como par\u00e2metro para elabora\u00e7\u00e3o de pol\u00edticas p\u00fablicas de seguran\u00e7a no Brasil. Em seguida, percorre-se os limites jur\u00eddicos-legais que as For\u00e7as Armadas enfrentam ao atuarem na seguran\u00e7a p\u00fablica e o perigo do excepcional se tornar rotina. Por fim, versa-se sobre os riscos da judicializa\u00e7\u00e3o da pol\u00edtica p\u00fablica de seguran\u00e7a no Brasil. Convido o leitor a percorrer os caminhos deste estudo envolvendo a atua\u00e7\u00e3o das For\u00e7as Armadas na pol\u00edtica p\u00fablica de seguran\u00e7a do estado do Rio de Janeiro.<\/p>\n","protected":false},"excerpt":{"rendered":"<p>Fernando Pereira da Silva Maison d&#8217;\u00e9dition Dial\u00e9tica R\u00e9sum\u00e9: Este livro trata da atua\u00e7\u00e3o das For\u00e7as Armadas na pol\u00edtica p\u00fablica de seguran\u00e7a no estado do Rio de Janeiro, explicando-se os prov\u00e1veis motivos pelos quais se deteriorou a seguran\u00e7a p\u00fablica, \u00e0 luz da ci\u00eancia pol\u00edtica e do ciclo de pol\u00edticas p\u00fablicas. Tal atua\u00e7\u00e3o vem se intensificando por meio da denominada Garantia da Lei e da Ordem (GLO), haja vista o quadro de&hellip; <\/p>\n","protected":false},"author":3,"featured_media":20259,"comment_status":"open","ping_status":"closed","sticky":false,"template":"","format":"standard","meta":{"footnotes":""},"categories":[6,25],"tags":[],"class_list":["post-20258","post","type-post","status-publish","format-standard","has-post-thumbnail","hentry","category-livros","category-seguranca-publica-e-defesa"],"views":286,"_links":{"self":[{"href":"https:\/\/www.bibliotecadeseguranca.com.br\/fr\/wp-json\/wp\/v2\/posts\/20258","targetHints":{"allow":["GET"]}}],"collection":[{"href":"https:\/\/www.bibliotecadeseguranca.com.br\/fr\/wp-json\/wp\/v2\/posts"}],"about":[{"href":"https:\/\/www.bibliotecadeseguranca.com.br\/fr\/wp-json\/wp\/v2\/types\/post"}],"author":[{"embeddable":true,"href":"https:\/\/www.bibliotecadeseguranca.com.br\/fr\/wp-json\/wp\/v2\/users\/3"}],"replies":[{"embeddable":true,"href":"https:\/\/www.bibliotecadeseguranca.com.br\/fr\/wp-json\/wp\/v2\/comments?post=20258"}],"version-history":[{"count":1,"href":"https:\/\/www.bibliotecadeseguranca.com.br\/fr\/wp-json\/wp\/v2\/posts\/20258\/revisions"}],"predecessor-version":[{"id":20260,"href":"https:\/\/www.bibliotecadeseguranca.com.br\/fr\/wp-json\/wp\/v2\/posts\/20258\/revisions\/20260"}],"wp:featuredmedia":[{"embeddable":true,"href":"https:\/\/www.bibliotecadeseguranca.com.br\/fr\/wp-json\/wp\/v2\/media\/20259"}],"wp:attachment":[{"href":"https:\/\/www.bibliotecadeseguranca.com.br\/fr\/wp-json\/wp\/v2\/media?parent=20258"}],"wp:term":[{"taxonomy":"category","embeddable":true,"href":"https:\/\/www.bibliotecadeseguranca.com.br\/fr\/wp-json\/wp\/v2\/categories?post=20258"},{"taxonomy":"post_tag","embeddable":true,"href":"https:\/\/www.bibliotecadeseguranca.com.br\/fr\/wp-json\/wp\/v2\/tags?post=20258"}],"curies":[{"name":"wp","href":"https:\/\/api.w.org\/{rel}","templated":true}]}}