{"id":20249,"date":"2024-12-12T14:00:41","date_gmt":"2024-12-12T17:00:41","guid":{"rendered":"https:\/\/www.bibliotecadeseguranca.com.br\/fr\/?p=20249"},"modified":"2024-12-15T14:53:41","modified_gmt":"2024-12-15T17:53:41","slug":"estrategia-nacional-de-prevencion-de-la-violencia","status":"publish","type":"post","link":"https:\/\/www.bibliotecadeseguranca.com.br\/fr\/livros\/estrategia-nacional-de-prevencion-de-la-violencia\/","title":{"rendered":"Estrategia Nacional de Prevenci\u00f3n de la Violencia"},"content":{"rendered":"<p><span style=\"color: #003366;\"><strong><img loading=\"lazy\" decoding=\"async\" class=\"alignleft size-full wp-image-20250\" src=\"https:\/\/www.bibliotecadeseguranca.com.br\/fr\/wp-content\/uploads\/2024\/12\/estrategia-nacional-de-prevencion-de-la-violencia.jpg\" alt=\"Estrategia Nacional de Prevenci\u00f3n de la Violencia\" width=\"145\" height=\"187\" srcset=\"https:\/\/www.bibliotecadeseguranca.com.br\/fr\/wp-content\/uploads\/2024\/12\/estrategia-nacional-de-prevencion-de-la-violencia.jpg 145w, https:\/\/www.bibliotecadeseguranca.com.br\/fr\/wp-content\/uploads\/2024\/12\/estrategia-nacional-de-prevencion-de-la-violencia-116x150.jpg 116w\" sizes=\"auto, (max-width: 145px) 100vw, 145px\" \/>Ministerio de Justicia y Seguridad P\u00fablica &#8211; El Salvador<\/strong><\/span><\/p>\n<p><span style=\"color: #003366;\"><strong>R\u00e9sum\u00e9:<\/strong><\/span> Las propuestas incluidas en este informen constituyen un insumo para la formulaci\u00f3n inmediata de una Pol\u00edtica Integral de Seguridad y Convivencia Ciudadana en El Salvador. Una pol\u00edtica que, para ser sostenible, de debe reflejar un compromiso de naci\u00f3n e incluir de manera equilibrada la prevenci\u00f3n, la rehabilitaci\u00f3n y el control de la violencia en el marco de un Estado democr\u00e1tico de Derecho. Sin una pol\u00edtica de este tipo es poco probable que logremos la seguridad que necesitamos.<br \/>\nAhora, y retomando el compromiso del Presidente de la Rep\u00fablica en el acto de juramentaci\u00f3n, corresponde a las instituciones del Estado responsables de velar por la seguridad de la ciudadan\u00eda respetarlas e implementarlas.<\/p>\n<p><a href=\"https:\/\/www.bibliotecadeseguranca.com.br\/wp-content\/uploads\/2024\/12\/estrategia-nacional-de-prevencion-de-la-violencia.pdf\" target=\"_blank\" rel=\"noopener\"><img loading=\"lazy\" decoding=\"async\" class=\"alignleft wp-image-12143 size-full\" src=\"https:\/\/www.bibliotecadeseguranca.com.br\/fr\/wp-content\/uploads\/2015\/03\/download_fr.gif\" alt=\"T\u00e9l\u00e9charger\" width=\"107\" height=\"25\" \/><\/a><\/p>\n","protected":false},"excerpt":{"rendered":"<p>Ministerio de Justicia y Seguridad P\u00fablica &#8211; El Salvador R\u00e9sum\u00e9: Las propuestas incluidas en este informen constituyen un insumo para la formulaci\u00f3n inmediata de una Pol\u00edtica Integral de Seguridad y Convivencia Ciudadana en El Salvador. Una pol\u00edtica que, para ser sostenible, de debe reflejar un compromiso de naci\u00f3n e incluir de manera equilibrada la prevenci\u00f3n, la rehabilitaci\u00f3n y el control de la violencia en el marco de un Estado democr\u00e1tico&hellip; <\/p>\n","protected":false},"author":3,"featured_media":20250,"comment_status":"open","ping_status":"closed","sticky":false,"template":"","format":"standard","meta":{"footnotes":""},"categories":[81,6,25,112],"tags":[],"class_list":["post-20249","post","type-post","status-publish","format-standard","has-post-thumbnail","hentry","category-espanol","category-livros","category-seguranca-publica-e-defesa","category-download"],"views":156,"_links":{"self":[{"href":"https:\/\/www.bibliotecadeseguranca.com.br\/fr\/wp-json\/wp\/v2\/posts\/20249","targetHints":{"allow":["GET"]}}],"collection":[{"href":"https:\/\/www.bibliotecadeseguranca.com.br\/fr\/wp-json\/wp\/v2\/posts"}],"about":[{"href":"https:\/\/www.bibliotecadeseguranca.com.br\/fr\/wp-json\/wp\/v2\/types\/post"}],"author":[{"embeddable":true,"href":"https:\/\/www.bibliotecadeseguranca.com.br\/fr\/wp-json\/wp\/v2\/users\/3"}],"replies":[{"embeddable":true,"href":"https:\/\/www.bibliotecadeseguranca.com.br\/fr\/wp-json\/wp\/v2\/comments?post=20249"}],"version-history":[{"count":1,"href":"https:\/\/www.bibliotecadeseguranca.com.br\/fr\/wp-json\/wp\/v2\/posts\/20249\/revisions"}],"predecessor-version":[{"id":20251,"href":"https:\/\/www.bibliotecadeseguranca.com.br\/fr\/wp-json\/wp\/v2\/posts\/20249\/revisions\/20251"}],"wp:featuredmedia":[{"embeddable":true,"href":"https:\/\/www.bibliotecadeseguranca.com.br\/fr\/wp-json\/wp\/v2\/media\/20250"}],"wp:attachment":[{"href":"https:\/\/www.bibliotecadeseguranca.com.br\/fr\/wp-json\/wp\/v2\/media?parent=20249"}],"wp:term":[{"taxonomy":"category","embeddable":true,"href":"https:\/\/www.bibliotecadeseguranca.com.br\/fr\/wp-json\/wp\/v2\/categories?post=20249"},{"taxonomy":"post_tag","embeddable":true,"href":"https:\/\/www.bibliotecadeseguranca.com.br\/fr\/wp-json\/wp\/v2\/tags?post=20249"}],"curies":[{"name":"wp","href":"https:\/\/api.w.org\/{rel}","templated":true}]}}