{"id":20233,"date":"2024-12-05T14:00:48","date_gmt":"2024-12-05T17:00:48","guid":{"rendered":"https:\/\/www.bibliotecadeseguranca.com.br\/fr\/?p=20233"},"modified":"2024-12-05T12:51:14","modified_gmt":"2024-12-05T15:51:14","slug":"securite-privee-mon-autobiographie-professionnelle","status":"publish","type":"post","link":"https:\/\/www.bibliotecadeseguranca.com.br\/fr\/livros\/securite-privee-mon-autobiographie-professionnelle\/","title":{"rendered":"S\u00e9curit\u00e9 Priv\u00e9e: Mon Autobiographie Professionnelle"},"content":{"rendered":"<p><span style=\"color: #003366;\"><strong><img loading=\"lazy\" decoding=\"async\" class=\"alignleft size-full wp-image-20234\" src=\"https:\/\/www.bibliotecadeseguranca.com.br\/fr\/wp-content\/uploads\/2024\/12\/securite-privee-mon-autobiographie-professionnelle.jpg\" alt=\"S\u00e9curit\u00e9 Priv\u00e9e: Mon Autobiographie Professionnelle\" width=\"145\" height=\"231\" srcset=\"https:\/\/www.bibliotecadeseguranca.com.br\/fr\/wp-content\/uploads\/2024\/12\/securite-privee-mon-autobiographie-professionnelle.jpg 145w, https:\/\/www.bibliotecadeseguranca.com.br\/fr\/wp-content\/uploads\/2024\/12\/securite-privee-mon-autobiographie-professionnelle-94x150.jpg 94w\" sizes=\"auto, (max-width: 145px) 100vw, 145px\" \/>Joel Quinones<\/strong><\/span><\/p>\n<p><span style=\"color: #003366;\"><strong>R\u00e9sum\u00e9:<\/strong><\/span> Ce livre vous pr\u00e9sente le d\u00e9roulement de l&#8217;autobiographie professionnelle de l&#8217;auteur dans un ordre chronologique qui a d\u00e9but\u00e9 \u00e0 l\u2019\u00e2ge de 15 ans, celle-ci concerne ses formations, comp\u00e9tences, exp\u00e9riences et qualit\u00e9s professionnelles qu&#8217;il a acquises et aussi transmises au cours de toutes ces ann\u00e9es. L&#8217;objectif c\u2019est d\u2019\u00eatre op\u00e9rationnel dans ces emplois. Apr\u00e8s quelques ann\u00e9es de vie professionnelle dans le civil et des engagements volontaires et cons\u00e9cutifs dans l\u2019arm\u00e9e d\u2019active il s&#8217;est reconverti dans la s\u00e9curit\u00e9 priv\u00e9e avec des activit\u00e9s professionnelles secondaires et compl\u00e9mentaires. Ce qui vous permettra de le situer dans son parcours pour les lecteurs qui sont de la branche ou pas, et de guider les personnes d\u00e9sirant entrer dans le m\u00e9tier.<\/p>\n","protected":false},"excerpt":{"rendered":"<p>Joel Quinones R\u00e9sum\u00e9: Ce livre vous pr\u00e9sente le d\u00e9roulement de l&#8217;autobiographie professionnelle de l&#8217;auteur dans un ordre chronologique qui a d\u00e9but\u00e9 \u00e0 l\u2019\u00e2ge de 15 ans, celle-ci concerne ses formations, comp\u00e9tences, exp\u00e9riences et qualit\u00e9s professionnelles qu&#8217;il a acquises et aussi transmises au cours de toutes ces ann\u00e9es. L&#8217;objectif c\u2019est d\u2019\u00eatre op\u00e9rationnel dans ces emplois. Apr\u00e8s quelques ann\u00e9es de vie professionnelle dans le civil et des engagements volontaires et cons\u00e9cutifs dans&hellip; <\/p>\n","protected":false},"author":3,"featured_media":20234,"comment_status":"open","ping_status":"closed","sticky":false,"template":"","format":"standard","meta":{"footnotes":""},"categories":[109,23,6],"tags":[],"class_list":["post-20233","post","type-post","status-publish","format-standard","has-post-thumbnail","hentry","category-francais","category-gestao-da-seguranca-empresarial","category-livros"],"views":102,"_links":{"self":[{"href":"https:\/\/www.bibliotecadeseguranca.com.br\/fr\/wp-json\/wp\/v2\/posts\/20233","targetHints":{"allow":["GET"]}}],"collection":[{"href":"https:\/\/www.bibliotecadeseguranca.com.br\/fr\/wp-json\/wp\/v2\/posts"}],"about":[{"href":"https:\/\/www.bibliotecadeseguranca.com.br\/fr\/wp-json\/wp\/v2\/types\/post"}],"author":[{"embeddable":true,"href":"https:\/\/www.bibliotecadeseguranca.com.br\/fr\/wp-json\/wp\/v2\/users\/3"}],"replies":[{"embeddable":true,"href":"https:\/\/www.bibliotecadeseguranca.com.br\/fr\/wp-json\/wp\/v2\/comments?post=20233"}],"version-history":[{"count":1,"href":"https:\/\/www.bibliotecadeseguranca.com.br\/fr\/wp-json\/wp\/v2\/posts\/20233\/revisions"}],"predecessor-version":[{"id":20235,"href":"https:\/\/www.bibliotecadeseguranca.com.br\/fr\/wp-json\/wp\/v2\/posts\/20233\/revisions\/20235"}],"wp:featuredmedia":[{"embeddable":true,"href":"https:\/\/www.bibliotecadeseguranca.com.br\/fr\/wp-json\/wp\/v2\/media\/20234"}],"wp:attachment":[{"href":"https:\/\/www.bibliotecadeseguranca.com.br\/fr\/wp-json\/wp\/v2\/media?parent=20233"}],"wp:term":[{"taxonomy":"category","embeddable":true,"href":"https:\/\/www.bibliotecadeseguranca.com.br\/fr\/wp-json\/wp\/v2\/categories?post=20233"},{"taxonomy":"post_tag","embeddable":true,"href":"https:\/\/www.bibliotecadeseguranca.com.br\/fr\/wp-json\/wp\/v2\/tags?post=20233"}],"curies":[{"name":"wp","href":"https:\/\/api.w.org\/{rel}","templated":true}]}}