{"id":20172,"date":"2024-11-08T14:00:29","date_gmt":"2024-11-08T17:00:29","guid":{"rendered":"https:\/\/www.bibliotecadeseguranca.com.br\/fr\/?p=20172"},"modified":"2024-11-08T13:46:03","modified_gmt":"2024-11-08T16:46:03","slug":"en-quete-de-securite","status":"publish","type":"post","link":"https:\/\/www.bibliotecadeseguranca.com.br\/fr\/livros\/en-quete-de-securite\/","title":{"rendered":"En qu\u00eate de S\u00e9curit\u00e9"},"content":{"rendered":"<p><span style=\"color: #003366;\"><strong><img loading=\"lazy\" decoding=\"async\" class=\"alignleft size-full wp-image-20173\" src=\"https:\/\/www.bibliotecadeseguranca.com.br\/fr\/wp-content\/uploads\/2024\/11\/en-quete-de-securite.jpg\" alt=\"En qu\u00eate de S\u00e9curit\u00e9\" width=\"145\" height=\"221\" srcset=\"https:\/\/www.bibliotecadeseguranca.com.br\/fr\/wp-content\/uploads\/2024\/11\/en-quete-de-securite.jpg 145w, https:\/\/www.bibliotecadeseguranca.com.br\/fr\/wp-content\/uploads\/2024\/11\/en-quete-de-securite-98x150.jpg 98w\" sizes=\"auto, (max-width: 145px) 100vw, 145px\" \/>Sebastian Roch\u00e9<\/strong><\/span><\/p>\n<p><span style=\"color: #003366;\"><strong>Maison d&#8217;\u00e9dition Armand Colin<\/strong><\/span><\/p>\n<p><span style=\"color: #003366;\"><strong>R\u00e9sum\u00e9:<\/strong><\/span> Le besoin de s\u00e9curit\u00e9 et le \u00ab sentiment d&#8217;ins\u00e9curit\u00e9 \u00bb qui l&#8217;exprime jouent d\u00e9sormais un r\u00f4le essentiel dans la vie politique et le th\u00e8me n&#8217;est pas pr\u00e8s de quitter le devant de la sc\u00e8ne. Comment concilier (surtout depuis les attentats du 11 septembre 2001) la garantie des libert\u00e9s publiques et le renforcement des dispositifs s\u00e9curitaires ?Sans aller jusqu&#8217;au terrorisme, v\u00e9ritable \u00e9p\u00e9e de Damocl\u00e8s de nos d\u00e9mocraties, la d\u00e9linquance routi\u00e8re, les d\u00e9lits \u00e9conomiques et financiers, la d\u00e9linquance de rue, etc., sont d\u00e9sormais jug\u00e9s radicalement insupportables et motivent une demande de s\u00e9curit\u00e9 qu&#8217;il serait h\u00e2tif de r\u00e9duire \u00e0 un simple acc\u00e8s d&#8217;esprit punitif encourag\u00e9 par les m\u00e9dias.L&#8217;objet de ce livre est de prendre l&#8217;exacte mesure de cette nouvelle donne. Quels sont les \u00e9l\u00e9ments cr\u00e9dibles d&#8217;explication de la mont\u00e9e des diverses d\u00e9linquances ? Quels sont les dangers qui nous guettent r\u00e9ellement ? Quelle est la position de la France en Europe ? Comment agissent les m\u00e9dias ? Que penser des politiques de s\u00e9curit\u00e9 mises en oeuvre ?Les auteurs se sont efforc\u00e9s de r\u00e9pondre \u00e0 ces questions par la recherche d&#8217;informations pertinentes dans les statistiques, mais aussi sur le terrain. On prendra la mesure des avanc\u00e9es et les limites de l&#8217;action gouvernementale, le chemin restant \u00e0 parcourir et les r\u00e9formes n\u00e9cessaires pour permettre \u00e0 la police de r\u00e9pondre \u00e0 la demande des citoyens.Ce livre \u00e9clairera tous ceux qui ont \u00e0 envisager la probl\u00e9matique s\u00e9curitaire et la pr\u00e9vention dans une logique d&#8217;\u00e9tudes, d&#8217;enseignement ou d&#8217;action sur le terrain, ou veulent faire leurs choix sociaux et politiques en toute connaissance de cause.Sebastian ROCH\u00c9, chercheur au CNRS, o\u00f9 il est responsable du p\u00f4le \u00ab S\u00e9curit\u00e9 et soci\u00e9t\u00e9 \u00bb, enseignant \u00e0 Science Po Grenoble et secr\u00e9taire g\u00e9n\u00e9ral de la Soci\u00e9t\u00e9 Europ\u00e9enne de Criminologie (Cambridge), a r\u00e9uni une \u00e9quipe comprenant Laurent B\u00e8gue, Pierre Berthelet, Olivier Hassid, Jacques de Maillard, Gilles Ivaldi, Christian Mouhanna, V\u00e9ronique Pujas, Vincent Tournier.<\/p>\n","protected":false},"excerpt":{"rendered":"<p>Sebastian Roch\u00e9 Maison d&#8217;\u00e9dition Armand Colin R\u00e9sum\u00e9: Le besoin de s\u00e9curit\u00e9 et le \u00ab sentiment d&#8217;ins\u00e9curit\u00e9 \u00bb qui l&#8217;exprime jouent d\u00e9sormais un r\u00f4le essentiel dans la vie politique et le th\u00e8me n&#8217;est pas pr\u00e8s de quitter le devant de la sc\u00e8ne. Comment concilier (surtout depuis les attentats du 11 septembre 2001) la garantie des libert\u00e9s publiques et le renforcement des dispositifs s\u00e9curitaires ?Sans aller jusqu&#8217;au terrorisme, v\u00e9ritable \u00e9p\u00e9e de Damocl\u00e8s&hellip; <\/p>\n","protected":false},"author":3,"featured_media":20173,"comment_status":"open","ping_status":"closed","sticky":false,"template":"","format":"standard","meta":{"footnotes":""},"categories":[109,6,25],"tags":[],"class_list":["post-20172","post","type-post","status-publish","format-standard","has-post-thumbnail","hentry","category-francais","category-livros","category-seguranca-publica-e-defesa"],"views":166,"_links":{"self":[{"href":"https:\/\/www.bibliotecadeseguranca.com.br\/fr\/wp-json\/wp\/v2\/posts\/20172","targetHints":{"allow":["GET"]}}],"collection":[{"href":"https:\/\/www.bibliotecadeseguranca.com.br\/fr\/wp-json\/wp\/v2\/posts"}],"about":[{"href":"https:\/\/www.bibliotecadeseguranca.com.br\/fr\/wp-json\/wp\/v2\/types\/post"}],"author":[{"embeddable":true,"href":"https:\/\/www.bibliotecadeseguranca.com.br\/fr\/wp-json\/wp\/v2\/users\/3"}],"replies":[{"embeddable":true,"href":"https:\/\/www.bibliotecadeseguranca.com.br\/fr\/wp-json\/wp\/v2\/comments?post=20172"}],"version-history":[{"count":1,"href":"https:\/\/www.bibliotecadeseguranca.com.br\/fr\/wp-json\/wp\/v2\/posts\/20172\/revisions"}],"predecessor-version":[{"id":20174,"href":"https:\/\/www.bibliotecadeseguranca.com.br\/fr\/wp-json\/wp\/v2\/posts\/20172\/revisions\/20174"}],"wp:featuredmedia":[{"embeddable":true,"href":"https:\/\/www.bibliotecadeseguranca.com.br\/fr\/wp-json\/wp\/v2\/media\/20173"}],"wp:attachment":[{"href":"https:\/\/www.bibliotecadeseguranca.com.br\/fr\/wp-json\/wp\/v2\/media?parent=20172"}],"wp:term":[{"taxonomy":"category","embeddable":true,"href":"https:\/\/www.bibliotecadeseguranca.com.br\/fr\/wp-json\/wp\/v2\/categories?post=20172"},{"taxonomy":"post_tag","embeddable":true,"href":"https:\/\/www.bibliotecadeseguranca.com.br\/fr\/wp-json\/wp\/v2\/tags?post=20172"}],"curies":[{"name":"wp","href":"https:\/\/api.w.org\/{rel}","templated":true}]}}