{"id":20162,"date":"2024-11-04T14:00:55","date_gmt":"2024-11-04T17:00:55","guid":{"rendered":"https:\/\/www.bibliotecadeseguranca.com.br\/fr\/?p=20162"},"modified":"2024-11-04T13:29:16","modified_gmt":"2024-11-04T16:29:16","slug":"seguranca-privada-como-complemento-a-seguranca-publica","status":"publish","type":"post","link":"https:\/\/www.bibliotecadeseguranca.com.br\/fr\/livros\/seguranca-privada-como-complemento-a-seguranca-publica\/","title":{"rendered":"Seguran\u00e7a Privada: Como Complemento \u00e0 Seguran\u00e7a P\u00fablica"},"content":{"rendered":"<p><span style=\"color: #003366;\"><strong><img loading=\"lazy\" decoding=\"async\" class=\"alignleft size-full wp-image-20163\" src=\"https:\/\/www.bibliotecadeseguranca.com.br\/fr\/wp-content\/uploads\/2024\/11\/seguranca-privada-como-complemento-a-seguranca-publica.jpg\" alt=\"Seguran\u00e7a Privada: Como Complemento \u00e0 Seguran\u00e7a P\u00fablica\" width=\"145\" height=\"218\" srcset=\"https:\/\/www.bibliotecadeseguranca.com.br\/fr\/wp-content\/uploads\/2024\/11\/seguranca-privada-como-complemento-a-seguranca-publica.jpg 145w, https:\/\/www.bibliotecadeseguranca.com.br\/fr\/wp-content\/uploads\/2024\/11\/seguranca-privada-como-complemento-a-seguranca-publica-100x150.jpg 100w\" sizes=\"auto, (max-width: 145px) 100vw, 145px\" \/>Leandro Miranda Ernesto<\/strong><\/span><\/p>\n<p><span style=\"color: #003366;\"><strong>R\u00e9sum\u00e9:<\/strong><\/span> A presente obra trata da seguran\u00e7a privada: como complemento \u00e0 seguran\u00e7a p\u00fablica, com base em dados estat\u00edsticos e an\u00e1lise biobibliogr\u00e1fica das principais doutrinas sobre o tema. Tem por objetivo investigar os problemas e desafios da seguran\u00e7a privada no enfrentamento \u00e0 viol\u00eancia e a criminalidade, em complementa\u00e7\u00e3o \u00e0 seguran\u00e7a p\u00fablica. Para tanto, analisa a viol\u00eancia como um problema social global; desmistifica o senso comum de que os problemas de seguran\u00e7a p\u00fablica devem ser solucionados por a pol\u00edcia e que \u00e9 poss\u00edvel acabar com a viol\u00eancia e a criminalidade. Investiga as causas da viol\u00eancia no Brasil. Apresenta um panorama internacional da seguran\u00e7a privada, especialmente na Am\u00e9rica Latina, Uni\u00e3o Europeia e em Portugal; e, por fim, estuda a sua origem, expans\u00e3o e n\u00fameros do mercado; os significados e fun\u00e7\u00f5es; os sistemas de seguran\u00e7a privada, suas caracter\u00edsticas gerais, o vigilante como agente de seguran\u00e7a e o controle e fiscaliza\u00e7\u00e3o da seguran\u00e7a privada, trazendo, por fim, os principais problemas e desafios enfrentados por a seguran\u00e7a privada no Brasil.<\/p>\n","protected":false},"excerpt":{"rendered":"<p>Leandro Miranda Ernesto R\u00e9sum\u00e9: A presente obra trata da seguran\u00e7a privada: como complemento \u00e0 seguran\u00e7a p\u00fablica, com base em dados estat\u00edsticos e an\u00e1lise biobibliogr\u00e1fica das principais doutrinas sobre o tema. Tem por objetivo investigar os problemas e desafios da seguran\u00e7a privada no enfrentamento \u00e0 viol\u00eancia e a criminalidade, em complementa\u00e7\u00e3o \u00e0 seguran\u00e7a p\u00fablica. Para tanto, analisa a viol\u00eancia como um problema social global; desmistifica o senso comum de que os&hellip; <\/p>\n","protected":false},"author":3,"featured_media":20163,"comment_status":"open","ping_status":"closed","sticky":false,"template":"","format":"standard","meta":{"footnotes":""},"categories":[23,6,25],"tags":[],"class_list":["post-20162","post","type-post","status-publish","format-standard","has-post-thumbnail","hentry","category-gestao-da-seguranca-empresarial","category-livros","category-seguranca-publica-e-defesa"],"views":315,"_links":{"self":[{"href":"https:\/\/www.bibliotecadeseguranca.com.br\/fr\/wp-json\/wp\/v2\/posts\/20162","targetHints":{"allow":["GET"]}}],"collection":[{"href":"https:\/\/www.bibliotecadeseguranca.com.br\/fr\/wp-json\/wp\/v2\/posts"}],"about":[{"href":"https:\/\/www.bibliotecadeseguranca.com.br\/fr\/wp-json\/wp\/v2\/types\/post"}],"author":[{"embeddable":true,"href":"https:\/\/www.bibliotecadeseguranca.com.br\/fr\/wp-json\/wp\/v2\/users\/3"}],"replies":[{"embeddable":true,"href":"https:\/\/www.bibliotecadeseguranca.com.br\/fr\/wp-json\/wp\/v2\/comments?post=20162"}],"version-history":[{"count":1,"href":"https:\/\/www.bibliotecadeseguranca.com.br\/fr\/wp-json\/wp\/v2\/posts\/20162\/revisions"}],"predecessor-version":[{"id":20164,"href":"https:\/\/www.bibliotecadeseguranca.com.br\/fr\/wp-json\/wp\/v2\/posts\/20162\/revisions\/20164"}],"wp:featuredmedia":[{"embeddable":true,"href":"https:\/\/www.bibliotecadeseguranca.com.br\/fr\/wp-json\/wp\/v2\/media\/20163"}],"wp:attachment":[{"href":"https:\/\/www.bibliotecadeseguranca.com.br\/fr\/wp-json\/wp\/v2\/media?parent=20162"}],"wp:term":[{"taxonomy":"category","embeddable":true,"href":"https:\/\/www.bibliotecadeseguranca.com.br\/fr\/wp-json\/wp\/v2\/categories?post=20162"},{"taxonomy":"post_tag","embeddable":true,"href":"https:\/\/www.bibliotecadeseguranca.com.br\/fr\/wp-json\/wp\/v2\/tags?post=20162"}],"curies":[{"name":"wp","href":"https:\/\/api.w.org\/{rel}","templated":true}]}}