{"id":20146,"date":"2024-10-28T14:00:23","date_gmt":"2024-10-28T17:00:23","guid":{"rendered":"https:\/\/www.bibliotecadeseguranca.com.br\/fr\/?p=20146"},"modified":"2024-10-28T13:26:10","modified_gmt":"2024-10-28T16:26:10","slug":"seguranca-publica-e-crime-organizado-no-brasil","status":"publish","type":"post","link":"https:\/\/www.bibliotecadeseguranca.com.br\/fr\/livros\/seguranca-publica-e-crime-organizado-no-brasil\/","title":{"rendered":"Seguran\u00e7a P\u00fablica e Crime Organizado no Brasil"},"content":{"rendered":"<p><span style=\"color: #003366;\"><strong><img loading=\"lazy\" decoding=\"async\" class=\"alignleft size-full wp-image-20147\" src=\"https:\/\/www.bibliotecadeseguranca.com.br\/fr\/wp-content\/uploads\/2024\/10\/seguranca-publica-e-crime-organizado-no-brasil.jpg\" alt=\"Seguran\u00e7a P\u00fablica e Crime Organizado no Brasil\" width=\"145\" height=\"205\" srcset=\"https:\/\/www.bibliotecadeseguranca.com.br\/fr\/wp-content\/uploads\/2024\/10\/seguranca-publica-e-crime-organizado-no-brasil.jpg 145w, https:\/\/www.bibliotecadeseguranca.com.br\/fr\/wp-content\/uploads\/2024\/10\/seguranca-publica-e-crime-organizado-no-brasil-106x150.jpg 106w\" sizes=\"auto, (max-width: 145px) 100vw, 145px\" \/>Esfera BR &#8211; F\u00f3rum Brasilierio de Seguran\u00e7a P\u00fablica<\/strong><\/span><\/p>\n<p><span style=\"color: #003366;\"><strong>R\u00e9sum\u00e9:<\/strong><\/span> Hoje temos um cen\u00e1rio de criminalidade organizada que assusta e toma conta, crescentemente, de territ\u00f3rios e setores econ\u00f4micos do Pa\u00eds. Nesse movimento, o Brasil vai percebendo que o combate ao crime organizado precisa ser travado em v\u00e1rios terrenos e \u00e9 muito maior do que apenas a sua dimens\u00e3o policial. O grande desafio contempor\u00e2neo que une governos, poderes e \u00f3rg\u00e3os de Estado, bem como setor privado, m\u00eddia e sociedade civil, \u00e9 o de blindar a economia formal da economia do crime, que cada vez mais acumula poder b\u00e9lico, pol\u00edtico e financeiro e tenta controlar e determinar os rumos da sociedade brasileira e as pessoas que viver\u00e3o ou n\u00e3o. E, para mudarmos essa realidade e fazermos frente aos riscos postos, \u00e9 preciso reconhecer que estamos diante de um problema complexo. \u00c9 preciso jogar luz \u00e0s m\u00faltiplas combina\u00e7\u00f5es resultantes da mistura de fen\u00f4menos societais associados ao fortalecimento do crime organizado com vari\u00e1veis derivadas do modelo federativo e da arquitetura institucional do Estado existentes para lidar com o tema que, em grande medida, \u00e9 a respons\u00e1vel pelo cen\u00e1rio de medo e inseguran\u00e7a vivido.<\/p>\n<p><a href=\"https:\/\/www.bibliotecadeseguranca.com.br\/wp-content\/uploads\/2024\/10\/seguranca-publica-e-crime-organizado-no-brasil.pdf\" target=\"_blank\" rel=\"noopener\"><img loading=\"lazy\" decoding=\"async\" class=\"alignleft wp-image-12143 size-full\" src=\"https:\/\/www.bibliotecadeseguranca.com.br\/fr\/wp-content\/uploads\/2015\/03\/download_fr.gif\" alt=\"T\u00e9l\u00e9charger\" width=\"107\" height=\"25\" \/><\/a><\/p>\n","protected":false},"excerpt":{"rendered":"<p>Esfera BR &#8211; F\u00f3rum Brasilierio de Seguran\u00e7a P\u00fablica R\u00e9sum\u00e9: Hoje temos um cen\u00e1rio de criminalidade organizada que assusta e toma conta, crescentemente, de territ\u00f3rios e setores econ\u00f4micos do Pa\u00eds. Nesse movimento, o Brasil vai percebendo que o combate ao crime organizado precisa ser travado em v\u00e1rios terrenos e \u00e9 muito maior do que apenas a sua dimens\u00e3o policial. O grande desafio contempor\u00e2neo que une governos, poderes e \u00f3rg\u00e3os de Estado,&hellip; <\/p>\n","protected":false},"author":3,"featured_media":20147,"comment_status":"open","ping_status":"closed","sticky":false,"template":"","format":"standard","meta":{"footnotes":""},"categories":[6,25,112],"tags":[],"class_list":["post-20146","post","type-post","status-publish","format-standard","has-post-thumbnail","hentry","category-livros","category-seguranca-publica-e-defesa","category-download"],"views":229,"_links":{"self":[{"href":"https:\/\/www.bibliotecadeseguranca.com.br\/fr\/wp-json\/wp\/v2\/posts\/20146","targetHints":{"allow":["GET"]}}],"collection":[{"href":"https:\/\/www.bibliotecadeseguranca.com.br\/fr\/wp-json\/wp\/v2\/posts"}],"about":[{"href":"https:\/\/www.bibliotecadeseguranca.com.br\/fr\/wp-json\/wp\/v2\/types\/post"}],"author":[{"embeddable":true,"href":"https:\/\/www.bibliotecadeseguranca.com.br\/fr\/wp-json\/wp\/v2\/users\/3"}],"replies":[{"embeddable":true,"href":"https:\/\/www.bibliotecadeseguranca.com.br\/fr\/wp-json\/wp\/v2\/comments?post=20146"}],"version-history":[{"count":1,"href":"https:\/\/www.bibliotecadeseguranca.com.br\/fr\/wp-json\/wp\/v2\/posts\/20146\/revisions"}],"predecessor-version":[{"id":20148,"href":"https:\/\/www.bibliotecadeseguranca.com.br\/fr\/wp-json\/wp\/v2\/posts\/20146\/revisions\/20148"}],"wp:featuredmedia":[{"embeddable":true,"href":"https:\/\/www.bibliotecadeseguranca.com.br\/fr\/wp-json\/wp\/v2\/media\/20147"}],"wp:attachment":[{"href":"https:\/\/www.bibliotecadeseguranca.com.br\/fr\/wp-json\/wp\/v2\/media?parent=20146"}],"wp:term":[{"taxonomy":"category","embeddable":true,"href":"https:\/\/www.bibliotecadeseguranca.com.br\/fr\/wp-json\/wp\/v2\/categories?post=20146"},{"taxonomy":"post_tag","embeddable":true,"href":"https:\/\/www.bibliotecadeseguranca.com.br\/fr\/wp-json\/wp\/v2\/tags?post=20146"}],"curies":[{"name":"wp","href":"https:\/\/api.w.org\/{rel}","templated":true}]}}