{"id":20140,"date":"2024-10-25T14:00:21","date_gmt":"2024-10-25T17:00:21","guid":{"rendered":"https:\/\/www.bibliotecadeseguranca.com.br\/fr\/?p=20140"},"modified":"2024-10-25T12:58:56","modified_gmt":"2024-10-25T15:58:56","slug":"droit-de-la-securite-internationale","status":"publish","type":"post","link":"https:\/\/www.bibliotecadeseguranca.com.br\/fr\/livros\/droit-de-la-securite-internationale\/","title":{"rendered":"Droit de la S\u00e9curit\u00e9 Internationale"},"content":{"rendered":"<p><span style=\"color: #003366;\"><strong><img loading=\"lazy\" decoding=\"async\" class=\"alignleft size-full wp-image-20141\" src=\"https:\/\/www.bibliotecadeseguranca.com.br\/fr\/wp-content\/uploads\/2024\/10\/droit-de-la-securite-internationale.jpg\" alt=\"Droit de la S\u00e9curit\u00e9 Internationale\" width=\"145\" height=\"218\" srcset=\"https:\/\/www.bibliotecadeseguranca.com.br\/fr\/wp-content\/uploads\/2024\/10\/droit-de-la-securite-internationale.jpg 145w, https:\/\/www.bibliotecadeseguranca.com.br\/fr\/wp-content\/uploads\/2024\/10\/droit-de-la-securite-internationale-100x150.jpg 100w\" sizes=\"auto, (max-width: 145px) 100vw, 145px\" \/>Mireille Couston<\/strong><\/span><\/p>\n<p><span style=\"color: #003366;\"><strong>Maison d&#8217;\u00e9dition Larcier<\/strong><\/span><\/p>\n<p><span style=\"color: #003366;\"><strong>R\u00e9sum\u00e9:<\/strong><\/span> L&#8217;ouvrage \u00e9tablit le fondement ou la justification juridique et les \u00e9l\u00e9ments du d\u00e9bat juridique pour les faits li\u00e9s \u00e0 la s\u00e9curit\u00e9 internationale.<br \/>\nL&#8217;ouvrage, qui se d\u00e9marque par son approche extensive et exhaustive de la mati\u00e8re, \u00e9tablit le fondement ou la justification juridique et les \u00e9l\u00e9ments du d\u00e9bat juridique pour les faits li\u00e9s \u00e0 la s\u00e9curit\u00e9 internationale.<\/p>\n","protected":false},"excerpt":{"rendered":"<p>Mireille Couston Maison d&#8217;\u00e9dition Larcier R\u00e9sum\u00e9: L&#8217;ouvrage \u00e9tablit le fondement ou la justification juridique et les \u00e9l\u00e9ments du d\u00e9bat juridique pour les faits li\u00e9s \u00e0 la s\u00e9curit\u00e9 internationale. L&#8217;ouvrage, qui se d\u00e9marque par son approche extensive et exhaustive de la mati\u00e8re, \u00e9tablit le fondement ou la justification juridique et les \u00e9l\u00e9ments du d\u00e9bat juridique pour les faits li\u00e9s \u00e0 la s\u00e9curit\u00e9 internationale.<\/p>\n","protected":false},"author":3,"featured_media":20141,"comment_status":"open","ping_status":"closed","sticky":false,"template":"","format":"standard","meta":{"footnotes":""},"categories":[109,6,25],"tags":[],"class_list":["post-20140","post","type-post","status-publish","format-standard","has-post-thumbnail","hentry","category-francais","category-livros","category-seguranca-publica-e-defesa"],"views":126,"_links":{"self":[{"href":"https:\/\/www.bibliotecadeseguranca.com.br\/fr\/wp-json\/wp\/v2\/posts\/20140","targetHints":{"allow":["GET"]}}],"collection":[{"href":"https:\/\/www.bibliotecadeseguranca.com.br\/fr\/wp-json\/wp\/v2\/posts"}],"about":[{"href":"https:\/\/www.bibliotecadeseguranca.com.br\/fr\/wp-json\/wp\/v2\/types\/post"}],"author":[{"embeddable":true,"href":"https:\/\/www.bibliotecadeseguranca.com.br\/fr\/wp-json\/wp\/v2\/users\/3"}],"replies":[{"embeddable":true,"href":"https:\/\/www.bibliotecadeseguranca.com.br\/fr\/wp-json\/wp\/v2\/comments?post=20140"}],"version-history":[{"count":1,"href":"https:\/\/www.bibliotecadeseguranca.com.br\/fr\/wp-json\/wp\/v2\/posts\/20140\/revisions"}],"predecessor-version":[{"id":20142,"href":"https:\/\/www.bibliotecadeseguranca.com.br\/fr\/wp-json\/wp\/v2\/posts\/20140\/revisions\/20142"}],"wp:featuredmedia":[{"embeddable":true,"href":"https:\/\/www.bibliotecadeseguranca.com.br\/fr\/wp-json\/wp\/v2\/media\/20141"}],"wp:attachment":[{"href":"https:\/\/www.bibliotecadeseguranca.com.br\/fr\/wp-json\/wp\/v2\/media?parent=20140"}],"wp:term":[{"taxonomy":"category","embeddable":true,"href":"https:\/\/www.bibliotecadeseguranca.com.br\/fr\/wp-json\/wp\/v2\/categories?post=20140"},{"taxonomy":"post_tag","embeddable":true,"href":"https:\/\/www.bibliotecadeseguranca.com.br\/fr\/wp-json\/wp\/v2\/tags?post=20140"}],"curies":[{"name":"wp","href":"https:\/\/api.w.org\/{rel}","templated":true}]}}