{"id":20121,"date":"2024-10-17T14:00:31","date_gmt":"2024-10-17T17:00:31","guid":{"rendered":"https:\/\/www.bibliotecadeseguranca.com.br\/fr\/?p=20121"},"modified":"2024-10-17T13:04:10","modified_gmt":"2024-10-17T16:04:10","slug":"la-gouvernance-de-la-securite-publique-en-ile-de-france","status":"publish","type":"post","link":"https:\/\/www.bibliotecadeseguranca.com.br\/fr\/livros\/la-gouvernance-de-la-securite-publique-en-ile-de-france\/","title":{"rendered":"La Gouvernance de la S\u00e9curit\u00e9 Publique en \u00cele-de-France"},"content":{"rendered":"<p><span style=\"color: #003366;\"><strong><img loading=\"lazy\" decoding=\"async\" class=\"alignleft size-full wp-image-20122\" src=\"https:\/\/www.bibliotecadeseguranca.com.br\/fr\/wp-content\/uploads\/2024\/10\/la-gouvernance-de-la-securite-publique-en-ile-de-france.jpg\" alt=\"La Gouvernance de la S\u00e9curit\u00e9 Publique en \u00cele-de-France\" width=\"145\" height=\"205\" srcset=\"https:\/\/www.bibliotecadeseguranca.com.br\/fr\/wp-content\/uploads\/2024\/10\/la-gouvernance-de-la-securite-publique-en-ile-de-france.jpg 145w, https:\/\/www.bibliotecadeseguranca.com.br\/fr\/wp-content\/uploads\/2024\/10\/la-gouvernance-de-la-securite-publique-en-ile-de-france-106x150.jpg 106w\" sizes=\"auto, (max-width: 145px) 100vw, 145px\" \/>Institut d\u2019Am\u00e9nagement et d\u2019Urbanisme de la R\u00e9gion d\u2019\u00cele-de-France<\/strong><\/span><\/p>\n<p><span style=\"color: #003366;\"><strong>R\u00e9sum\u00e9:<\/strong><\/span> Une \u00e9tude sur la gestion de la s\u00e9curit\u00e9 quotidienne en \u00cele-de-France : quid de la contribution des pouvoirs locaux ?<br \/>\n\u00c0 l\u2019\u00e9chelle de l\u2019\u00cele-de-France, comment la gouvernance et la production de la s\u00e9curit\u00e9 s\u2019organisentelles entre les diff\u00e9rentes strates administratives ? Cette \u00e9tude cherche \u00e0 d\u00e9crypter un syst\u00e8me multiscalaire en mutation, en insistant sur l\u2019implication et l\u2019imbrication des collectivit\u00e9s locales. Sur fond de r\u00e9formes territoriales, elle interroge la coh\u00e9rence des p\u00e9rim\u00e8tres d\u2019action et les enjeux d\u2019articulation \u00e0 l\u2019heure de la m\u00e9tropolisation.<br \/>\nLa d\u00e9marche est plus pr\u00e9cis\u00e9ment centr\u00e9e sur la s\u00e9curit\u00e9 quotidienne, le champ du policing1 ordinaire, soit l\u2019ensemble des politiques et dispositifs visant \u00e0 garantir la protection des personnes et des biens, le bon ordre et le respect des lois \u2013 autrement dit, ce qu\u2019il est convenu d\u2019appeler la s\u00e9curit\u00e9 publique, incluant la pr\u00e9vention de la d\u00e9linquance puisque c\u2019est \u00e0 ce titre notamment que les collectivit\u00e9s territoriales y contribuent. En ce domaine, la probl\u00e9matique du \u00ab qui fait quoi ? \u00bb est \u00e0 saisir \u00e0 la crois\u00e9e de plusieurs \u00e9volutions, se rapportant \u00e0 la transformation des syst\u00e8mes locaux de s\u00e9curit\u00e9, et, plus largement, \u00e0 la reconfiguration des r\u00e9gimes urbains.<\/p>\n<p><a href=\"https:\/\/www.bibliotecadeseguranca.com.br\/wp-content\/uploads\/2024\/10\/la-gouvernance-de-la-securite-publique-en-ile-de-france.pdf\" target=\"_blank\" rel=\"noopener\"><img loading=\"lazy\" decoding=\"async\" class=\"alignleft wp-image-12143 size-full\" src=\"https:\/\/www.bibliotecadeseguranca.com.br\/fr\/wp-content\/uploads\/2015\/03\/download_fr.gif\" alt=\"T\u00e9l\u00e9charger\" width=\"107\" height=\"25\" \/><\/a><\/p>\n","protected":false},"excerpt":{"rendered":"<p>Institut d\u2019Am\u00e9nagement et d\u2019Urbanisme de la R\u00e9gion d\u2019\u00cele-de-France R\u00e9sum\u00e9: Une \u00e9tude sur la gestion de la s\u00e9curit\u00e9 quotidienne en \u00cele-de-France : quid de la contribution des pouvoirs locaux ? \u00c0 l\u2019\u00e9chelle de l\u2019\u00cele-de-France, comment la gouvernance et la production de la s\u00e9curit\u00e9 s\u2019organisentelles entre les diff\u00e9rentes strates administratives ? Cette \u00e9tude cherche \u00e0 d\u00e9crypter un syst\u00e8me multiscalaire en mutation, en insistant sur l\u2019implication et l\u2019imbrication des collectivit\u00e9s locales. Sur fond&hellip; <\/p>\n","protected":false},"author":3,"featured_media":20122,"comment_status":"open","ping_status":"closed","sticky":false,"template":"","format":"standard","meta":{"footnotes":""},"categories":[109,6,25,112],"tags":[],"class_list":["post-20121","post","type-post","status-publish","format-standard","has-post-thumbnail","hentry","category-francais","category-livros","category-seguranca-publica-e-defesa","category-download"],"views":322,"_links":{"self":[{"href":"https:\/\/www.bibliotecadeseguranca.com.br\/fr\/wp-json\/wp\/v2\/posts\/20121","targetHints":{"allow":["GET"]}}],"collection":[{"href":"https:\/\/www.bibliotecadeseguranca.com.br\/fr\/wp-json\/wp\/v2\/posts"}],"about":[{"href":"https:\/\/www.bibliotecadeseguranca.com.br\/fr\/wp-json\/wp\/v2\/types\/post"}],"author":[{"embeddable":true,"href":"https:\/\/www.bibliotecadeseguranca.com.br\/fr\/wp-json\/wp\/v2\/users\/3"}],"replies":[{"embeddable":true,"href":"https:\/\/www.bibliotecadeseguranca.com.br\/fr\/wp-json\/wp\/v2\/comments?post=20121"}],"version-history":[{"count":1,"href":"https:\/\/www.bibliotecadeseguranca.com.br\/fr\/wp-json\/wp\/v2\/posts\/20121\/revisions"}],"predecessor-version":[{"id":20123,"href":"https:\/\/www.bibliotecadeseguranca.com.br\/fr\/wp-json\/wp\/v2\/posts\/20121\/revisions\/20123"}],"wp:featuredmedia":[{"embeddable":true,"href":"https:\/\/www.bibliotecadeseguranca.com.br\/fr\/wp-json\/wp\/v2\/media\/20122"}],"wp:attachment":[{"href":"https:\/\/www.bibliotecadeseguranca.com.br\/fr\/wp-json\/wp\/v2\/media?parent=20121"}],"wp:term":[{"taxonomy":"category","embeddable":true,"href":"https:\/\/www.bibliotecadeseguranca.com.br\/fr\/wp-json\/wp\/v2\/categories?post=20121"},{"taxonomy":"post_tag","embeddable":true,"href":"https:\/\/www.bibliotecadeseguranca.com.br\/fr\/wp-json\/wp\/v2\/tags?post=20121"}],"curies":[{"name":"wp","href":"https:\/\/api.w.org\/{rel}","templated":true}]}}