{"id":20114,"date":"2024-10-14T14:00:25","date_gmt":"2024-10-14T17:00:25","guid":{"rendered":"https:\/\/www.bibliotecadeseguranca.com.br\/fr\/?p=20114"},"modified":"2024-10-14T12:20:41","modified_gmt":"2024-10-14T15:20:41","slug":"revista-fenavist-agosto-2024","status":"publish","type":"post","link":"https:\/\/www.bibliotecadeseguranca.com.br\/fr\/periodicos-de-seguranca\/revista-fenavist-agosto-2024\/","title":{"rendered":"Revista Fenavist &#8211; Agosto 2024"},"content":{"rendered":"<p><span style=\"color: #003366;\"><strong><img loading=\"lazy\" decoding=\"async\" class=\"alignleft size-full wp-image-20115\" src=\"https:\/\/www.bibliotecadeseguranca.com.br\/fr\/wp-content\/uploads\/2024\/10\/revista-fenavist-agosto-2024.jpg\" alt=\"Revista Fenavist - Agosto 2024\" width=\"145\" height=\"194\" srcset=\"https:\/\/www.bibliotecadeseguranca.com.br\/fr\/wp-content\/uploads\/2024\/10\/revista-fenavist-agosto-2024.jpg 145w, https:\/\/www.bibliotecadeseguranca.com.br\/fr\/wp-content\/uploads\/2024\/10\/revista-fenavist-agosto-2024-112x150.jpg 112w\" sizes=\"auto, (max-width: 145px) 100vw, 145px\" \/>R\u00e9sum\u00e9:<\/strong><\/span> Fizemos Hist\u00f3ria<\/p>\n<p>O caminho foi \u00e1rduo e longo! Quase 20 vinte anos desde que foi iniciado o trabalho no Congresso Nacional para reformar a lei que regulamenta o nosso setor. Mas a batalha travada valeu a pena. Tivemos f\u00f4lego e \u00e2nimo para superar o tempo, as crises econ\u00f4micas, mudan\u00e7as de governo e at\u00e9 mesmo uma pandemia mundial que afetou a economia de todos os pa\u00edses.<br \/>\nOs obst\u00e1culos encontrados no meio do caminho foram sendo superados. N\u00e3o esmorecemos com as dificuldades, ao contr\u00e1rio, travamos essa batalha porque t\u00ednhamos a certeza de que a persist\u00eancia nos levaria a este momento: a conquista da nova lei da seguran\u00e7a privada.<br \/>\nEsta batalha n\u00e3o \u00e9 minha. Herdei esta tarefa de dois presidentes que me antecederam: Jerfferson Sim\u00f5es e Odair Concei\u00e7\u00e3o, que, durante seus mandatos, se dedicaram com afinco para que o Estatuto da Seguran\u00e7a Privada se tornasse uma realidade. Peguei o bast\u00e3o e, ao longo dos \u00faltimos 10 anos, juntamente com os nossos diretores, presidentes de Sindicatos, e uma equipe, de homens e mulheres, nos dedicamos dia ap\u00f3s dia, meses ap\u00f3s meses, ano ap\u00f3s ano, na luta pela aprova\u00e7\u00e3o do Estatuto primeiro na C\u00e2mara e, depois, no Senado. Miss\u00e3o dada, miss\u00e3o cumprida!<br \/>\nTemos agora em nossas m\u00e3os uma lei que, em breve, ser\u00e1 sancionada pelo presidente da Rep\u00fablica, o que significa um novo tempo para a seguran\u00e7a privada no Brasil.<br \/>\nSem sombra de d\u00favida, apesar dos longos anos que a proposta levou para ser analisada, votada e aprovada pelo Congresso Nacional, esta lei \u00e9 atual e, a partir dela, o servi\u00e7o de seguran\u00e7a privada praticado no Brasil n\u00e3o deixar\u00e1<br \/>\nnada a desejar quando comparado ao do resto do mundo.<br \/>\nConhecemos a atividade de seguran\u00e7a privada em v\u00e1rios pa\u00edses que tivemos a oportunidade de visitar. Ressent\u00edamos por n\u00e3o possuir uma legisla\u00e7\u00e3o avan\u00e7ada, contempor\u00e2nea, que nos permitisse o uso de tecnologias ultramodernas aplicadas \u00e0 atividade.<br \/>\nT\u00ednhamos, sim, uma legisla\u00e7\u00e3o totalmente defasada, vigente h\u00e1 40 anos, que n\u00e3o acompanhou a modernidade dos novos tempos e, pior ainda, n\u00e3o previu o aumento da criminalidade no Pa\u00eds, com a utiliza\u00e7\u00e3o de equipamentos e tecnologias avan\u00e7adas utilizadas na pr\u00e1tica de crimes.<br \/>\nEssa lei criava barreiras para o pr\u00f3prio \u00f3rg\u00e3o fiscalizador que, por falta de previs\u00e3o legal, n\u00e3o tinha meios para coibir e criminalizar a atividade ilegal e clandestina que hoje supera as empresas devidamente legalizadas no Pa\u00eds.<br \/>\nCom certeza, essa lei significa um marco para a seguran\u00e7a privada no Brasil. Al\u00e9m de todas as inova\u00e7\u00f5es que a nova lei representa, como mais seguran\u00e7a jur\u00eddica para as empresas de seguran\u00e7a e de transporte de valores, institui\u00e7\u00f5es financeiras, com\u00e9rcio, melhores condi\u00e7\u00f5es de trabalho para os profissionais da seguran\u00e7a privada, gera\u00e7\u00e3o de milhares de novos empregos, \u00e9 importante ressaltar que a popula\u00e7\u00e3o brasileira ser\u00e1 a maior beneficiada, que poder\u00e1 contar com um servi\u00e7o de seguran\u00e7a legal, cujo papel principal \u00e9 preservar a integridade f\u00edsica das pessoas que transitam pelos diversos locais, p\u00fablicos ou privados.<br \/>\nFa\u00e7o quest\u00e3o de registrar a import\u00e2ncia da uni\u00e3o entre empres\u00e1rios, trabalhadores e \u00f3rg\u00e3o regulador na constru\u00e7\u00e3o de um texto em que fosse poss\u00edvel conciliar e defender os interesses de todos. Sem cada um ceder um pouco, talvez n\u00e3o tivesse sido poss\u00edvel chegar a um consenso.<br \/>\nTodos os esfor\u00e7os foram importantes. Muitas vezes abdicamos do nosso tempo, deixamos nossas empresas, nossas fam\u00edlias, para tratar do Estatuto em Bras\u00edlia. N\u00e3o foi f\u00e1cil, mas n\u00e3o um tempo perdido. Estamos convencidos de que todas essas mudan\u00e7as, por meio da nova lei, nos colocam rumo a um futuro promissor.<br \/>\nQuero agradecer publicamente o empenho do senador La\u00e9rcio Oliveira, que, de forma decisiva, conseguiu sensibilizar seus pares da import\u00e2ncia da vota\u00e7\u00e3o do Estatuto da Seguran\u00e7a Privada, al\u00e9m de construir o entendimento com todos os setores afins para que a nova lei fosse uma realidade para todos.<br \/>\nAgrade\u00e7o tamb\u00e9m a cada um que, de uma forma ou de outra, participou desse processo e deixou sua contribui\u00e7\u00e3o em prol dessa conquista. Somos todos protagonistas dessa hist\u00f3ria.<br \/>\nSabemos que a nossa luta por melhores condi\u00e7\u00f5es para o segmento n\u00e3o chegou ao fim. Temos ainda grandes desafios e temas a serem trabalhados em futuro pr\u00f3ximo.<br \/>\nEnfrentaremos um grande desafio para o nosso setor, a reforma tribut\u00e1ria, a ser implementada no Pa\u00eds nos pr\u00f3ximos anos.<br \/>\nCom a mesma uni\u00e3o e for\u00e7a, estaremos juntos para vencer todos os novos desafios.<br \/>\nAgora vamos comemorar e renovar as energias para seguir em frente e com esperan\u00e7a nos novos rumos da seguran\u00e7a privada.<\/p>\n<p>Jeferson Naz\u00e1rio<br \/>\nPresidente da Fenavist<\/p>\n<p><a href=\"https:\/\/www.bibliotecadeseguranca.com.br\/wp-content\/uploads\/2024\/10\/revista-fenavist-agosto-2024.pdf\" target=\"_blank\" rel=\"noopener\"><img loading=\"lazy\" decoding=\"async\" class=\"alignleft wp-image-12143 size-full\" src=\"https:\/\/www.bibliotecadeseguranca.com.br\/fr\/wp-content\/uploads\/2015\/03\/download_fr.gif\" alt=\"T\u00e9l\u00e9charger\" width=\"107\" height=\"25\" \/><\/a><\/p>\n","protected":false},"excerpt":{"rendered":"<p>R\u00e9sum\u00e9: Fizemos Hist\u00f3ria O caminho foi \u00e1rduo e longo! Quase 20 vinte anos desde que foi iniciado o trabalho no Congresso Nacional para reformar a lei que regulamenta o nosso setor. Mas a batalha travada valeu a pena. Tivemos f\u00f4lego e \u00e2nimo para superar o tempo, as crises econ\u00f4micas, mudan\u00e7as de governo e at\u00e9 mesmo uma pandemia mundial que afetou a economia de todos os pa\u00edses. Os obst\u00e1culos encontrados no&hellip; <\/p>\n","protected":false},"author":3,"featured_media":20115,"comment_status":"open","ping_status":"closed","sticky":false,"template":"","format":"standard","meta":{"footnotes":""},"categories":[124,71,112],"tags":[],"class_list":["post-20114","post","type-post","status-publish","format-standard","has-post-thumbnail","hentry","category-revista-fenavist","category-periodicos-de-seguranca","category-download"],"views":258,"_links":{"self":[{"href":"https:\/\/www.bibliotecadeseguranca.com.br\/fr\/wp-json\/wp\/v2\/posts\/20114","targetHints":{"allow":["GET"]}}],"collection":[{"href":"https:\/\/www.bibliotecadeseguranca.com.br\/fr\/wp-json\/wp\/v2\/posts"}],"about":[{"href":"https:\/\/www.bibliotecadeseguranca.com.br\/fr\/wp-json\/wp\/v2\/types\/post"}],"author":[{"embeddable":true,"href":"https:\/\/www.bibliotecadeseguranca.com.br\/fr\/wp-json\/wp\/v2\/users\/3"}],"replies":[{"embeddable":true,"href":"https:\/\/www.bibliotecadeseguranca.com.br\/fr\/wp-json\/wp\/v2\/comments?post=20114"}],"version-history":[{"count":1,"href":"https:\/\/www.bibliotecadeseguranca.com.br\/fr\/wp-json\/wp\/v2\/posts\/20114\/revisions"}],"predecessor-version":[{"id":20116,"href":"https:\/\/www.bibliotecadeseguranca.com.br\/fr\/wp-json\/wp\/v2\/posts\/20114\/revisions\/20116"}],"wp:featuredmedia":[{"embeddable":true,"href":"https:\/\/www.bibliotecadeseguranca.com.br\/fr\/wp-json\/wp\/v2\/media\/20115"}],"wp:attachment":[{"href":"https:\/\/www.bibliotecadeseguranca.com.br\/fr\/wp-json\/wp\/v2\/media?parent=20114"}],"wp:term":[{"taxonomy":"category","embeddable":true,"href":"https:\/\/www.bibliotecadeseguranca.com.br\/fr\/wp-json\/wp\/v2\/categories?post=20114"},{"taxonomy":"post_tag","embeddable":true,"href":"https:\/\/www.bibliotecadeseguranca.com.br\/fr\/wp-json\/wp\/v2\/tags?post=20114"}],"curies":[{"name":"wp","href":"https:\/\/api.w.org\/{rel}","templated":true}]}}