{"id":20101,"date":"2024-10-10T14:00:45","date_gmt":"2024-10-10T17:00:45","guid":{"rendered":"https:\/\/www.bibliotecadeseguranca.com.br\/fr\/?p=20101"},"modified":"2024-10-10T12:17:59","modified_gmt":"2024-10-10T15:17:59","slug":"le-defi-securitaire-a-loccident","status":"publish","type":"post","link":"https:\/\/www.bibliotecadeseguranca.com.br\/fr\/livros\/le-defi-securitaire-a-loccident\/","title":{"rendered":"Le D\u00e9fi S\u00e9curitaire \u00e0 l&#8217;Occident"},"content":{"rendered":"<p><span style=\"color: #003366;\"><strong><img loading=\"lazy\" decoding=\"async\" class=\"alignleft size-full wp-image-20102\" src=\"https:\/\/www.bibliotecadeseguranca.com.br\/fr\/wp-content\/uploads\/2024\/10\/le-defi-securitaire-a-loccident.jpg\" alt=\"Le D\u00e9fi S\u00e9curitaire \u00e0 l'Occident\" width=\"145\" height=\"235\" srcset=\"https:\/\/www.bibliotecadeseguranca.com.br\/fr\/wp-content\/uploads\/2024\/10\/le-defi-securitaire-a-loccident.jpg 145w, https:\/\/www.bibliotecadeseguranca.com.br\/fr\/wp-content\/uploads\/2024\/10\/le-defi-securitaire-a-loccident-93x150.jpg 93w\" sizes=\"auto, (max-width: 145px) 100vw, 145px\" \/>Olivier Rittimann<\/strong><\/span><\/p>\n<p><span style=\"color: #003366;\"><strong>Maison d&#8217;\u00e9dition Nuvis<\/strong><\/span><\/p>\n<p><span style=\"color: #003366;\"><strong>R\u00e9sum\u00e9:<\/strong><\/span> Le retour de la guerre en Europe est l\u00b4aboutissement violent d\u00b4un long processus de contestations des valeurs et de la position dominante d\u00b4un Occident affaibli par une succession de crises survenues au cours des deux derni\u00e8res d\u00e9cennies. Erreur de calcul ou action d\u00e9lib\u00e9r\u00e9e pour finir de d\u00e9stabiliser l\u00b4ordre international h\u00e9rit\u00e9 de la fin de la Seconde guerre mondiale, l\u00b4invasion russe force l\u00b4OTAN et l\u00b4Union europ\u00e9enne \u00e0 r\u00e9agir pour d\u00e9fendre les valeurs occidentales, au travers de leur soutien \u00e0 l\u00b4Ukraine mais aussi par la revue en profondeur de leur posture face au risque de conflit majeur dont on pensait qu\u00b4il avait d\u00e9finitivement disparu dans l\u00b4espace euro-atlantique. Les deux organisations partagent les m\u00eames valeurs et ont de nombreux membres en commun, mais leur poids et leur action dans le domaine s\u00e9curitaire sont in\u00e9gaux, et elles doivent imp\u00e9rativement coop\u00e9rer pour relever le d\u00e9fi, en d\u00e9pit de leurs diff\u00e9rences d\u00b4approche et des tensions qui les opposent parfois et qui existent aussi en leur sein propre. En se limitant volontairement aux aspect d\u00e9fense ? que ce soit la d\u00e9fense de l\u00b4Europe confi\u00e9e \u00e0 l\u00b4OTAN, ou la d\u00e9fense europ\u00e9enne en tant qu\u00b4aspiration de l\u00b4Union ?, ce livre a pour ambition d\u00b4expliquer le fonctionnement de ces deux organisations, leurs diff\u00e9rences et les r\u00e9ponses qu\u00b4elles tentent d\u00b4apporter aux nombreux d\u00e9fis s\u00e9curitaires auxquels elles sont confront\u00e9es, dans un environnement o\u00f9 le recours \u00e0 la force pour r\u00e9soudre les diff\u00e9rends devient normal, o\u00f9 des acteurs ? \u00e9tatiques ou non ? s\u00b4efforcent de conqu\u00e9rir des sph\u00e8res d\u00b4influence niant l\u00b4ordre \u00e9tabli, o\u00f9 les nouvelles technologies cr\u00e9ent de nouveaux d\u00e9s\u00e9quilibres.<\/p>\n","protected":false},"excerpt":{"rendered":"<p>Olivier Rittimann Maison d&#8217;\u00e9dition Nuvis R\u00e9sum\u00e9: Le retour de la guerre en Europe est l\u00b4aboutissement violent d\u00b4un long processus de contestations des valeurs et de la position dominante d\u00b4un Occident affaibli par une succession de crises survenues au cours des deux derni\u00e8res d\u00e9cennies. Erreur de calcul ou action d\u00e9lib\u00e9r\u00e9e pour finir de d\u00e9stabiliser l\u00b4ordre international h\u00e9rit\u00e9 de la fin de la Seconde guerre mondiale, l\u00b4invasion russe force l\u00b4OTAN et l\u00b4Union&hellip; <\/p>\n","protected":false},"author":3,"featured_media":20102,"comment_status":"open","ping_status":"closed","sticky":false,"template":"","format":"standard","meta":{"footnotes":""},"categories":[109,6,25],"tags":[],"class_list":["post-20101","post","type-post","status-publish","format-standard","has-post-thumbnail","hentry","category-francais","category-livros","category-seguranca-publica-e-defesa"],"views":121,"_links":{"self":[{"href":"https:\/\/www.bibliotecadeseguranca.com.br\/fr\/wp-json\/wp\/v2\/posts\/20101","targetHints":{"allow":["GET"]}}],"collection":[{"href":"https:\/\/www.bibliotecadeseguranca.com.br\/fr\/wp-json\/wp\/v2\/posts"}],"about":[{"href":"https:\/\/www.bibliotecadeseguranca.com.br\/fr\/wp-json\/wp\/v2\/types\/post"}],"author":[{"embeddable":true,"href":"https:\/\/www.bibliotecadeseguranca.com.br\/fr\/wp-json\/wp\/v2\/users\/3"}],"replies":[{"embeddable":true,"href":"https:\/\/www.bibliotecadeseguranca.com.br\/fr\/wp-json\/wp\/v2\/comments?post=20101"}],"version-history":[{"count":1,"href":"https:\/\/www.bibliotecadeseguranca.com.br\/fr\/wp-json\/wp\/v2\/posts\/20101\/revisions"}],"predecessor-version":[{"id":20103,"href":"https:\/\/www.bibliotecadeseguranca.com.br\/fr\/wp-json\/wp\/v2\/posts\/20101\/revisions\/20103"}],"wp:featuredmedia":[{"embeddable":true,"href":"https:\/\/www.bibliotecadeseguranca.com.br\/fr\/wp-json\/wp\/v2\/media\/20102"}],"wp:attachment":[{"href":"https:\/\/www.bibliotecadeseguranca.com.br\/fr\/wp-json\/wp\/v2\/media?parent=20101"}],"wp:term":[{"taxonomy":"category","embeddable":true,"href":"https:\/\/www.bibliotecadeseguranca.com.br\/fr\/wp-json\/wp\/v2\/categories?post=20101"},{"taxonomy":"post_tag","embeddable":true,"href":"https:\/\/www.bibliotecadeseguranca.com.br\/fr\/wp-json\/wp\/v2\/tags?post=20101"}],"curies":[{"name":"wp","href":"https:\/\/api.w.org\/{rel}","templated":true}]}}