{"id":20068,"date":"2024-09-27T14:00:37","date_gmt":"2024-09-27T17:00:37","guid":{"rendered":"https:\/\/www.bibliotecadeseguranca.com.br\/fr\/?p=20068"},"modified":"2024-09-27T13:51:25","modified_gmt":"2024-09-27T16:51:25","slug":"les-parametres-sociaux-de-la-self-defense","status":"publish","type":"post","link":"https:\/\/www.bibliotecadeseguranca.com.br\/fr\/livros\/les-parametres-sociaux-de-la-self-defense\/","title":{"rendered":"Les Param\u00e8tres Sociaux de la Self-D\u00e9fense"},"content":{"rendered":"<p><span style=\"color: #003366;\"><strong><img loading=\"lazy\" decoding=\"async\" class=\"alignleft size-full wp-image-20069\" src=\"https:\/\/www.bibliotecadeseguranca.com.br\/fr\/wp-content\/uploads\/2024\/09\/les-parametres-sociaux-de-la-self-defense.jpg\" alt=\"Les Param\u00e8tres Sociaux de la Self-D\u00e9fense\" width=\"145\" height=\"231\" srcset=\"https:\/\/www.bibliotecadeseguranca.com.br\/fr\/wp-content\/uploads\/2024\/09\/les-parametres-sociaux-de-la-self-defense.jpg 145w, https:\/\/www.bibliotecadeseguranca.com.br\/fr\/wp-content\/uploads\/2024\/09\/les-parametres-sociaux-de-la-self-defense-94x150.jpg 94w\" sizes=\"auto, (max-width: 145px) 100vw, 145px\" \/>Fran\u00e7ois-Xavier Coustaud<\/strong><\/span><\/p>\n<p><span style=\"color: #003366;\"><strong>Maison d&#8217;\u00e9dition L&#8217;Harmattan<\/strong><\/span><\/p>\n<p><span style=\"color: #003366;\"><strong>R\u00e9sum\u00e9:<\/strong><\/span> De la self-d\u00e9fense. Les cl\u00e9s de votre s\u00e9curit\u00e9 au quotidien. Un outil pour comprendre et faire face !<br \/>\nLes param\u00e8tres sociaux de la self-d\u00e9fense propose un nouvel \u00e9clairage sur le concept d&#8217;autod\u00e9fense. Il rompt avec l&#8217;\u00e9lan alarmiste et brutal qui circule aujourd&#8217;hui. Il pr\u00e9sente une self- d\u00e9fense d&#8217;int\u00e9r\u00eat g\u00e9n\u00e9ral, citoyenne et accessible \u00e0 tous.<br \/>\nPratique et vivant, cet ouvrage apporte un savoir-faire r\u00e9aliste qui traite tous les aspects de la s\u00e9curit\u00e9 au quotidien. Il s&#8217;appuie sur des situations de la vie courante pour d\u00e9montrer que le comportement est la cl\u00e9 de la d\u00e9fense personnelle.<\/p>\n","protected":false},"excerpt":{"rendered":"<p>Fran\u00e7ois-Xavier Coustaud Maison d&#8217;\u00e9dition L&#8217;Harmattan R\u00e9sum\u00e9: De la self-d\u00e9fense. Les cl\u00e9s de votre s\u00e9curit\u00e9 au quotidien. Un outil pour comprendre et faire face ! Les param\u00e8tres sociaux de la self-d\u00e9fense propose un nouvel \u00e9clairage sur le concept d&#8217;autod\u00e9fense. Il rompt avec l&#8217;\u00e9lan alarmiste et brutal qui circule aujourd&#8217;hui. Il pr\u00e9sente une self- d\u00e9fense d&#8217;int\u00e9r\u00eat g\u00e9n\u00e9ral, citoyenne et accessible \u00e0 tous. Pratique et vivant, cet ouvrage apporte un savoir-faire r\u00e9aliste qui&hellip; <\/p>\n","protected":false},"author":3,"featured_media":20069,"comment_status":"open","ping_status":"closed","sticky":false,"template":"","format":"standard","meta":{"footnotes":""},"categories":[6,25],"tags":[],"class_list":["post-20068","post","type-post","status-publish","format-standard","has-post-thumbnail","hentry","category-livros","category-seguranca-publica-e-defesa"],"views":126,"_links":{"self":[{"href":"https:\/\/www.bibliotecadeseguranca.com.br\/fr\/wp-json\/wp\/v2\/posts\/20068","targetHints":{"allow":["GET"]}}],"collection":[{"href":"https:\/\/www.bibliotecadeseguranca.com.br\/fr\/wp-json\/wp\/v2\/posts"}],"about":[{"href":"https:\/\/www.bibliotecadeseguranca.com.br\/fr\/wp-json\/wp\/v2\/types\/post"}],"author":[{"embeddable":true,"href":"https:\/\/www.bibliotecadeseguranca.com.br\/fr\/wp-json\/wp\/v2\/users\/3"}],"replies":[{"embeddable":true,"href":"https:\/\/www.bibliotecadeseguranca.com.br\/fr\/wp-json\/wp\/v2\/comments?post=20068"}],"version-history":[{"count":1,"href":"https:\/\/www.bibliotecadeseguranca.com.br\/fr\/wp-json\/wp\/v2\/posts\/20068\/revisions"}],"predecessor-version":[{"id":20070,"href":"https:\/\/www.bibliotecadeseguranca.com.br\/fr\/wp-json\/wp\/v2\/posts\/20068\/revisions\/20070"}],"wp:featuredmedia":[{"embeddable":true,"href":"https:\/\/www.bibliotecadeseguranca.com.br\/fr\/wp-json\/wp\/v2\/media\/20069"}],"wp:attachment":[{"href":"https:\/\/www.bibliotecadeseguranca.com.br\/fr\/wp-json\/wp\/v2\/media?parent=20068"}],"wp:term":[{"taxonomy":"category","embeddable":true,"href":"https:\/\/www.bibliotecadeseguranca.com.br\/fr\/wp-json\/wp\/v2\/categories?post=20068"},{"taxonomy":"post_tag","embeddable":true,"href":"https:\/\/www.bibliotecadeseguranca.com.br\/fr\/wp-json\/wp\/v2\/tags?post=20068"}],"curies":[{"name":"wp","href":"https:\/\/api.w.org\/{rel}","templated":true}]}}