{"id":20036,"date":"2024-09-13T14:00:38","date_gmt":"2024-09-13T17:00:38","guid":{"rendered":"https:\/\/www.bibliotecadeseguranca.com.br\/fr\/?p=20036"},"modified":"2024-09-13T13:51:20","modified_gmt":"2024-09-13T16:51:20","slug":"securite-publique-et-fin-de-la-vie-privee","status":"publish","type":"post","link":"https:\/\/www.bibliotecadeseguranca.com.br\/fr\/livros\/securite-publique-et-fin-de-la-vie-privee\/","title":{"rendered":"S\u00e9curit\u00e9 Publique et Fin de la Vie Priv\u00e9e"},"content":{"rendered":"<p><span style=\"color: #003366;\"><strong><img loading=\"lazy\" decoding=\"async\" class=\"alignleft size-full wp-image-20037\" src=\"https:\/\/www.bibliotecadeseguranca.com.br\/fr\/wp-content\/uploads\/2024\/09\/securite-publique-et-fin-de-la-vie-privee.jpg\" alt=\"S\u00e9curit\u00e9 Publique et Fin de la Vie Priv\u00e9e\" width=\"145\" height=\"221\" srcset=\"https:\/\/www.bibliotecadeseguranca.com.br\/fr\/wp-content\/uploads\/2024\/09\/securite-publique-et-fin-de-la-vie-privee.jpg 145w, https:\/\/www.bibliotecadeseguranca.com.br\/fr\/wp-content\/uploads\/2024\/09\/securite-publique-et-fin-de-la-vie-privee-98x150.jpg 98w\" sizes=\"auto, (max-width: 145px) 100vw, 145px\" \/>Gilliano Ongagna<\/strong><\/span><\/p>\n<p><span style=\"color: #003366;\"><strong>Maison d&#8217;\u00e9dition Edilivre<\/strong><\/span><\/p>\n<p><span style=\"color: #003366;\"><strong>R\u00e9sum\u00e9:<\/strong><\/span> Les attentats terroristes du 11 septembre 2001 aux Etats-Unis ont conduit plusieurs Etats occidentaux \u00e0 voter des lois d&#8217;antiterrorisme, et \u00e0 prendre des mesures de renforcement du syst\u00e8me de surveillance d\u00e9j\u00e0 en place. L&#8217;objectif de ces nouvelles politiques de s\u00e9curit\u00e9 est d&#8217;habiliter les services de renseignements et de s\u00e9curit\u00e9s \u00e0 r\u00e9colter des donn\u00e9es personnelles de la population, par le biais des NTIC, afin d&#8217;anticiper les comportements des individus susceptibles d&#8217;attenter \u00e0 la s\u00fbret\u00e9 des Etats.<br \/>\nCes nouvelles politiques r\u00e9duisent un certain nombre de libert\u00e9s fondamentales pour renforcer le pouvoir des agences de renseignements et de s\u00e9curit\u00e9s, leur permettant de r\u00e9cup\u00e9rer, aupr\u00e8s des op\u00e9rateurs de t\u00e9l\u00e9communication priv\u00e9s, des informations personnelles sur leurs usagers.<\/p>\n","protected":false},"excerpt":{"rendered":"<p>Gilliano Ongagna Maison d&#8217;\u00e9dition Edilivre R\u00e9sum\u00e9: Les attentats terroristes du 11 septembre 2001 aux Etats-Unis ont conduit plusieurs Etats occidentaux \u00e0 voter des lois d&#8217;antiterrorisme, et \u00e0 prendre des mesures de renforcement du syst\u00e8me de surveillance d\u00e9j\u00e0 en place. L&#8217;objectif de ces nouvelles politiques de s\u00e9curit\u00e9 est d&#8217;habiliter les services de renseignements et de s\u00e9curit\u00e9s \u00e0 r\u00e9colter des donn\u00e9es personnelles de la population, par le biais des NTIC, afin d&#8217;anticiper&hellip; <\/p>\n","protected":false},"author":3,"featured_media":20037,"comment_status":"open","ping_status":"closed","sticky":false,"template":"","format":"standard","meta":{"footnotes":""},"categories":[109,6,25],"tags":[],"class_list":["post-20036","post","type-post","status-publish","format-standard","has-post-thumbnail","hentry","category-francais","category-livros","category-seguranca-publica-e-defesa"],"views":300,"_links":{"self":[{"href":"https:\/\/www.bibliotecadeseguranca.com.br\/fr\/wp-json\/wp\/v2\/posts\/20036","targetHints":{"allow":["GET"]}}],"collection":[{"href":"https:\/\/www.bibliotecadeseguranca.com.br\/fr\/wp-json\/wp\/v2\/posts"}],"about":[{"href":"https:\/\/www.bibliotecadeseguranca.com.br\/fr\/wp-json\/wp\/v2\/types\/post"}],"author":[{"embeddable":true,"href":"https:\/\/www.bibliotecadeseguranca.com.br\/fr\/wp-json\/wp\/v2\/users\/3"}],"replies":[{"embeddable":true,"href":"https:\/\/www.bibliotecadeseguranca.com.br\/fr\/wp-json\/wp\/v2\/comments?post=20036"}],"version-history":[{"count":1,"href":"https:\/\/www.bibliotecadeseguranca.com.br\/fr\/wp-json\/wp\/v2\/posts\/20036\/revisions"}],"predecessor-version":[{"id":20038,"href":"https:\/\/www.bibliotecadeseguranca.com.br\/fr\/wp-json\/wp\/v2\/posts\/20036\/revisions\/20038"}],"wp:featuredmedia":[{"embeddable":true,"href":"https:\/\/www.bibliotecadeseguranca.com.br\/fr\/wp-json\/wp\/v2\/media\/20037"}],"wp:attachment":[{"href":"https:\/\/www.bibliotecadeseguranca.com.br\/fr\/wp-json\/wp\/v2\/media?parent=20036"}],"wp:term":[{"taxonomy":"category","embeddable":true,"href":"https:\/\/www.bibliotecadeseguranca.com.br\/fr\/wp-json\/wp\/v2\/categories?post=20036"},{"taxonomy":"post_tag","embeddable":true,"href":"https:\/\/www.bibliotecadeseguranca.com.br\/fr\/wp-json\/wp\/v2\/tags?post=20036"}],"curies":[{"name":"wp","href":"https:\/\/api.w.org\/{rel}","templated":true}]}}