{"id":20026,"date":"2024-09-09T14:00:09","date_gmt":"2024-09-09T17:00:09","guid":{"rendered":"https:\/\/www.bibliotecadeseguranca.com.br\/fr\/?p=20026"},"modified":"2024-09-09T14:16:28","modified_gmt":"2024-09-09T17:16:28","slug":"a-crise-da-seguranca-publica-e-as-faccoes-criminosas","status":"publish","type":"post","link":"https:\/\/www.bibliotecadeseguranca.com.br\/fr\/livros\/a-crise-da-seguranca-publica-e-as-faccoes-criminosas\/","title":{"rendered":"A Crise da Seguran\u00e7a P\u00fablica e as Fac\u00e7\u00f5es Criminosas"},"content":{"rendered":"<p><span style=\"color: #003366;\"><strong><img loading=\"lazy\" decoding=\"async\" class=\"alignleft size-full wp-image-20027\" src=\"https:\/\/www.bibliotecadeseguranca.com.br\/fr\/wp-content\/uploads\/2024\/09\/a-crise-da-seguranca-publica-e-as-faccoes-criminosas.jpg\" alt=\"A Crise da Seguran\u00e7a P\u00fablica e as Fac\u00e7\u00f5es Criminosas\" width=\"145\" height=\"205\" srcset=\"https:\/\/www.bibliotecadeseguranca.com.br\/fr\/wp-content\/uploads\/2024\/09\/a-crise-da-seguranca-publica-e-as-faccoes-criminosas.jpg 145w, https:\/\/www.bibliotecadeseguranca.com.br\/fr\/wp-content\/uploads\/2024\/09\/a-crise-da-seguranca-publica-e-as-faccoes-criminosas-106x150.jpg 106w\" sizes=\"auto, (max-width: 145px) 100vw, 145px\" \/>Juliana Maria Borges Mamede<\/strong><\/span><\/p>\n<p><span style=\"color: #003366;\"><strong>Maison d&#8217;\u00e9dition Lumen Juris<\/strong><\/span><\/p>\n<p><span style=\"color: #003366;\"><strong>R\u00e9sum\u00e9:<\/strong><\/span> A cultura de viol\u00eancia na sociedade brasileira tem se mostrado impactante. \u00c9 de ver-se que muitos dos delitos registrados tem por contexto a din\u00e2mica das fac\u00e7\u00f5es criminosas, o que levou ao questionamento dos reais motivos que concorreram para o surgimento, a expans\u00e3o e o entranhamento das fac\u00e7\u00f5es criminosas em territ\u00f3rio nacional, contribuindo para a conforma\u00e7\u00e3o de um quadro de anomia, dadas as dificuldades do Estado na concretiza\u00e7\u00e3o de direitos fundamentais.<br \/>\nA partir do ano 2000 observa-se o lan\u00e7amento de sucessivas pol\u00edticas e planos de seguran\u00e7a p\u00fablica que objetivavam reverter referido quadro. Contudo, que at\u00e9 o presente momento, os avan\u00e7os necess\u00e1rios n\u00e3o foram alcan\u00e7ados, j\u00e1 que a quest\u00e3o demanda foco n\u00e3o apenas em a\u00e7\u00f5es repressivas, mas, em a\u00e7\u00f5es sociais preventivas, integradas, coordenadas que envolvam todos os entes federativos, raz\u00e3o pela qual cumpre ver a import\u00e2ncia da ado\u00e7\u00e3o do federalismo cooperativo no enfrentamento dos desafios impostos \u00e0 seguran\u00e7a p\u00fablica.<\/p>\n","protected":false},"excerpt":{"rendered":"<p>Juliana Maria Borges Mamede Maison d&#8217;\u00e9dition Lumen Juris R\u00e9sum\u00e9: A cultura de viol\u00eancia na sociedade brasileira tem se mostrado impactante. \u00c9 de ver-se que muitos dos delitos registrados tem por contexto a din\u00e2mica das fac\u00e7\u00f5es criminosas, o que levou ao questionamento dos reais motivos que concorreram para o surgimento, a expans\u00e3o e o entranhamento das fac\u00e7\u00f5es criminosas em territ\u00f3rio nacional, contribuindo para a conforma\u00e7\u00e3o de um quadro de anomia, dadas&hellip; <\/p>\n","protected":false},"author":3,"featured_media":20027,"comment_status":"open","ping_status":"closed","sticky":false,"template":"","format":"standard","meta":{"footnotes":""},"categories":[6,25],"tags":[],"class_list":["post-20026","post","type-post","status-publish","format-standard","has-post-thumbnail","hentry","category-livros","category-seguranca-publica-e-defesa"],"views":164,"_links":{"self":[{"href":"https:\/\/www.bibliotecadeseguranca.com.br\/fr\/wp-json\/wp\/v2\/posts\/20026","targetHints":{"allow":["GET"]}}],"collection":[{"href":"https:\/\/www.bibliotecadeseguranca.com.br\/fr\/wp-json\/wp\/v2\/posts"}],"about":[{"href":"https:\/\/www.bibliotecadeseguranca.com.br\/fr\/wp-json\/wp\/v2\/types\/post"}],"author":[{"embeddable":true,"href":"https:\/\/www.bibliotecadeseguranca.com.br\/fr\/wp-json\/wp\/v2\/users\/3"}],"replies":[{"embeddable":true,"href":"https:\/\/www.bibliotecadeseguranca.com.br\/fr\/wp-json\/wp\/v2\/comments?post=20026"}],"version-history":[{"count":1,"href":"https:\/\/www.bibliotecadeseguranca.com.br\/fr\/wp-json\/wp\/v2\/posts\/20026\/revisions"}],"predecessor-version":[{"id":20028,"href":"https:\/\/www.bibliotecadeseguranca.com.br\/fr\/wp-json\/wp\/v2\/posts\/20026\/revisions\/20028"}],"wp:featuredmedia":[{"embeddable":true,"href":"https:\/\/www.bibliotecadeseguranca.com.br\/fr\/wp-json\/wp\/v2\/media\/20027"}],"wp:attachment":[{"href":"https:\/\/www.bibliotecadeseguranca.com.br\/fr\/wp-json\/wp\/v2\/media?parent=20026"}],"wp:term":[{"taxonomy":"category","embeddable":true,"href":"https:\/\/www.bibliotecadeseguranca.com.br\/fr\/wp-json\/wp\/v2\/categories?post=20026"},{"taxonomy":"post_tag","embeddable":true,"href":"https:\/\/www.bibliotecadeseguranca.com.br\/fr\/wp-json\/wp\/v2\/tags?post=20026"}],"curies":[{"name":"wp","href":"https:\/\/api.w.org\/{rel}","templated":true}]}}