{"id":20015,"date":"2024-09-05T14:00:19","date_gmt":"2024-09-05T17:00:19","guid":{"rendered":"https:\/\/www.bibliotecadeseguranca.com.br\/fr\/?p=20015"},"modified":"2024-09-05T09:57:53","modified_gmt":"2024-09-05T12:57:53","slug":"rio-grande-do-sul-2024-uma-perspectiva-de-gerenciamento-de-crises","status":"publish","type":"post","link":"https:\/\/www.bibliotecadeseguranca.com.br\/fr\/livros\/rio-grande-do-sul-2024-uma-perspectiva-de-gerenciamento-de-crises\/","title":{"rendered":"Rio Grande do Sul 2024 &#8211; Uma Perspectiva de Gerenciamento de Crises"},"content":{"rendered":"<p><span style=\"color: #003366;\"><strong><img loading=\"lazy\" decoding=\"async\" class=\"alignleft size-full wp-image-20016\" src=\"https:\/\/www.bibliotecadeseguranca.com.br\/fr\/wp-content\/uploads\/2024\/09\/rio-grande-do-sul-2024-uma-perspectiva-de-gerenciamento-de-crises.jpg\" alt=\"Rio Grande do Sul 2024 - Uma Perspectiva de Gerenciamento de Crises\" width=\"145\" height=\"205\" srcset=\"https:\/\/www.bibliotecadeseguranca.com.br\/fr\/wp-content\/uploads\/2024\/09\/rio-grande-do-sul-2024-uma-perspectiva-de-gerenciamento-de-crises.jpg 145w, https:\/\/www.bibliotecadeseguranca.com.br\/fr\/wp-content\/uploads\/2024\/09\/rio-grande-do-sul-2024-uma-perspectiva-de-gerenciamento-de-crises-106x150.jpg 106w\" sizes=\"auto, (max-width: 145px) 100vw, 145px\" \/>Ana Flavia Bello, Gustavao Caleffi, Roberto Zapotoczny Costa<\/strong><\/span><\/p>\n<p><span style=\"color: #003366;\"><strong>R\u00e9sum\u00e9:<\/strong><\/span> Nesta obra, s\u00e3o primeiramente apresentados dados e fatos sobre o Estado do Rio Grande do Sul, que contextualizam o leitor sobre a regi\u00e3o. Em seguida \u00e9 apresentada uma cronologia de fatos que culminaram na trag\u00e9dia clim\u00e1tica que atingiu o estado, entre final de abril, maio e junho de 2024. Esta contextualiza\u00e7\u00e3o inicial prepara o leitor para o entendimento do cen\u00e1rio de crise e seus impactos, sob os mais diversos aspectos. Por meio do estudo de caso, esta obra relaciona a trag\u00e9dia com os conceitos de gest\u00e3o de crises, n\u00e3o apenas para fins de aprendizado acad\u00eamico, mas tamb\u00e9m objetivando oferecer uma contribui\u00e7\u00e3o pr\u00e1tica aos p\u00fablicos envolvidos na trag\u00e9dia e servindo como refer\u00eancia para crises futuras. A obra \u00e9 fruto da colabora\u00e7\u00e3o de v\u00e1rios autores, que somaram suas experi\u00eancias nas disciplinas de Gest\u00e3o e Comunica\u00e7\u00e3o de Crise e viv\u00eancia em campo no Estado do Rio Grande do Sul. N\u00e3o h\u00e1 a pretens\u00e3o de retratar a totalidade dos fatos e nem dos impactos j\u00e1 deflagrados ou futuros. A obra tamb\u00e9m n\u00e3o tem car\u00e1ter pol\u00edtico ou ideol\u00f3gico e seus autores desde j\u00e1 manifestam seu respeito e profundo pesar por todas as pessoas que sofreram direta ou indiretamente com esta trag\u00e9dia.<\/p>\n<p><a href=\"https:\/\/www.bibliotecadeseguranca.com.br\/wp-content\/uploads\/2024\/09\/rio-grande-do-sul-2024-uma-perspectiva-de-gerenciamento-de-crises.pdf\" target=\"_blank\" rel=\"noopener\"><img loading=\"lazy\" decoding=\"async\" class=\"alignleft wp-image-12143 size-full\" src=\"https:\/\/www.bibliotecadeseguranca.com.br\/fr\/wp-content\/uploads\/2015\/03\/download_fr.gif\" alt=\"T\u00e9l\u00e9charger\" width=\"107\" height=\"25\" \/><\/a><\/p>\n","protected":false},"excerpt":{"rendered":"<p>Ana Flavia Bello, Gustavao Caleffi, Roberto Zapotoczny Costa R\u00e9sum\u00e9: Nesta obra, s\u00e3o primeiramente apresentados dados e fatos sobre o Estado do Rio Grande do Sul, que contextualizam o leitor sobre a regi\u00e3o. Em seguida \u00e9 apresentada uma cronologia de fatos que culminaram na trag\u00e9dia clim\u00e1tica que atingiu o estado, entre final de abril, maio e junho de 2024. Esta contextualiza\u00e7\u00e3o inicial prepara o leitor para o entendimento do cen\u00e1rio de&hellip; <\/p>\n","protected":false},"author":3,"featured_media":20016,"comment_status":"open","ping_status":"closed","sticky":false,"template":"","format":"standard","meta":{"footnotes":""},"categories":[6,19,112],"tags":[],"class_list":["post-20015","post","type-post","status-publish","format-standard","has-post-thumbnail","hentry","category-livros","category-risco-e-perdas","category-download"],"views":218,"_links":{"self":[{"href":"https:\/\/www.bibliotecadeseguranca.com.br\/fr\/wp-json\/wp\/v2\/posts\/20015","targetHints":{"allow":["GET"]}}],"collection":[{"href":"https:\/\/www.bibliotecadeseguranca.com.br\/fr\/wp-json\/wp\/v2\/posts"}],"about":[{"href":"https:\/\/www.bibliotecadeseguranca.com.br\/fr\/wp-json\/wp\/v2\/types\/post"}],"author":[{"embeddable":true,"href":"https:\/\/www.bibliotecadeseguranca.com.br\/fr\/wp-json\/wp\/v2\/users\/3"}],"replies":[{"embeddable":true,"href":"https:\/\/www.bibliotecadeseguranca.com.br\/fr\/wp-json\/wp\/v2\/comments?post=20015"}],"version-history":[{"count":1,"href":"https:\/\/www.bibliotecadeseguranca.com.br\/fr\/wp-json\/wp\/v2\/posts\/20015\/revisions"}],"predecessor-version":[{"id":20017,"href":"https:\/\/www.bibliotecadeseguranca.com.br\/fr\/wp-json\/wp\/v2\/posts\/20015\/revisions\/20017"}],"wp:featuredmedia":[{"embeddable":true,"href":"https:\/\/www.bibliotecadeseguranca.com.br\/fr\/wp-json\/wp\/v2\/media\/20016"}],"wp:attachment":[{"href":"https:\/\/www.bibliotecadeseguranca.com.br\/fr\/wp-json\/wp\/v2\/media?parent=20015"}],"wp:term":[{"taxonomy":"category","embeddable":true,"href":"https:\/\/www.bibliotecadeseguranca.com.br\/fr\/wp-json\/wp\/v2\/categories?post=20015"},{"taxonomy":"post_tag","embeddable":true,"href":"https:\/\/www.bibliotecadeseguranca.com.br\/fr\/wp-json\/wp\/v2\/tags?post=20015"}],"curies":[{"name":"wp","href":"https:\/\/api.w.org\/{rel}","templated":true}]}}