{"id":20009,"date":"2024-09-02T14:00:54","date_gmt":"2024-09-02T17:00:54","guid":{"rendered":"https:\/\/www.bibliotecadeseguranca.com.br\/fr\/?p=20009"},"modified":"2024-09-02T13:35:16","modified_gmt":"2024-09-02T16:35:16","slug":"revista-prelecao-ano-i-n-09","status":"publish","type":"post","link":"https:\/\/www.bibliotecadeseguranca.com.br\/fr\/periodicos-de-seguranca\/revista-prelecao-ano-i-n-09\/","title":{"rendered":"Revista Prele\u00e7\u00e3o \u2013 Ano I \u2013 N\u00b0 09"},"content":{"rendered":"<p><span style=\"color: #003366;\"><strong><img loading=\"lazy\" decoding=\"async\" class=\"alignleft size-full wp-image-20010\" src=\"https:\/\/www.bibliotecadeseguranca.com.br\/fr\/wp-content\/uploads\/2024\/09\/revista-prelecao-ano-i-n-09.jpg\" alt=\"Revista Prele\u00e7\u00e3o \u2013 Ano I \u2013 N\u00b0 09\" width=\"145\" height=\"214\" srcset=\"https:\/\/www.bibliotecadeseguranca.com.br\/fr\/wp-content\/uploads\/2024\/09\/revista-prelecao-ano-i-n-09.jpg 145w, https:\/\/www.bibliotecadeseguranca.com.br\/fr\/wp-content\/uploads\/2024\/09\/revista-prelecao-ano-i-n-09-102x150.jpg 102w\" sizes=\"auto, (max-width: 145px) 100vw, 145px\" \/>Pol\u00edcia Militar do Estado do Esp\u00edrito Santo<\/strong><\/span><\/p>\n<p><span style=\"color: #003366;\"><strong>R\u00e9sum\u00e9:<\/strong><\/span> \u201cEmbora a Corpora\u00e7\u00e3o complete hoje 176 anos, vivenciando as transforma\u00e7\u00f5es sociais desse per\u00edodo, sabemos que a sua participa\u00e7\u00e3o como parceira da sociedade s\u00f3 se deu realmente nos \u00faltimos 30 anos.<br \/>\nEsta participa\u00e7\u00e3o social, esta abertura dos port\u00f5es dos quart\u00e9is, possibilitou que a sociedade manifestasse seus anseios e suas frustra\u00e7\u00f5es perante as expectativas da Corpora\u00e7\u00e3o, interagindo e dando subs\u00eddios para uma melhor forma de policiar, de se fazer presente em locais conflitantes, antecipando-se ao ato criminoso, ao delito e at\u00e9 contribuindo para a elucida\u00e7\u00e3o de crimes, atrav\u00e9s de informa\u00e7\u00f5es precisas e a\u00e7\u00f5es conjuntas.<br \/>\nSabemos que muitas resist\u00eancias ainda precisam ser rompidas. Que muitas culpas nos atribuem, sejam em decorr\u00eancia de um per\u00edodo sombrio da hist\u00f3ria do Brasil, sejam pelos desvios de conduta de alguns membros da Corpora\u00e7\u00e3o.<br \/>\nMas, muito temos feito, no sentido de desvincular definitivamente a nossa hist\u00f3ria das hist\u00f3rias dos por\u00f5es, da mesma forma que vamos gradualmente depurando as nossas fileiras, expurgando os maus profissionais que, com seus atos e omiss\u00f5es, maculam a nossa imagem e a nossa credibilidade perante a sociedade.<\/p>\n<p><a href=\"https:\/\/www.bibliotecadeseguranca.com.br\/wp-content\/uploads\/2024\/09\/revista-prelecao-ano-i-n-09.pdf\" target=\"_blank\" rel=\"noopener\"><img loading=\"lazy\" decoding=\"async\" class=\"alignleft wp-image-12143 size-full\" src=\"https:\/\/www.bibliotecadeseguranca.com.br\/fr\/wp-content\/uploads\/2015\/03\/download_fr.gif\" alt=\"T\u00e9l\u00e9charger\" width=\"107\" height=\"25\" \/><\/a><\/p>\n","protected":false},"excerpt":{"rendered":"<p>Pol\u00edcia Militar do Estado do Esp\u00edrito Santo R\u00e9sum\u00e9: \u201cEmbora a Corpora\u00e7\u00e3o complete hoje 176 anos, vivenciando as transforma\u00e7\u00f5es sociais desse per\u00edodo, sabemos que a sua participa\u00e7\u00e3o como parceira da sociedade s\u00f3 se deu realmente nos \u00faltimos 30 anos. Esta participa\u00e7\u00e3o social, esta abertura dos port\u00f5es dos quart\u00e9is, possibilitou que a sociedade manifestasse seus anseios e suas frustra\u00e7\u00f5es perante as expectativas da Corpora\u00e7\u00e3o, interagindo e dando subs\u00eddios para uma melhor forma&hellip; <\/p>\n","protected":false},"author":3,"featured_media":20010,"comment_status":"open","ping_status":"closed","sticky":false,"template":"","format":"standard","meta":{"footnotes":""},"categories":[129,71,112],"tags":[],"class_list":["post-20009","post","type-post","status-publish","format-standard","has-post-thumbnail","hentry","category-revista-prelecao","category-periodicos-de-seguranca","category-download"],"views":244,"_links":{"self":[{"href":"https:\/\/www.bibliotecadeseguranca.com.br\/fr\/wp-json\/wp\/v2\/posts\/20009","targetHints":{"allow":["GET"]}}],"collection":[{"href":"https:\/\/www.bibliotecadeseguranca.com.br\/fr\/wp-json\/wp\/v2\/posts"}],"about":[{"href":"https:\/\/www.bibliotecadeseguranca.com.br\/fr\/wp-json\/wp\/v2\/types\/post"}],"author":[{"embeddable":true,"href":"https:\/\/www.bibliotecadeseguranca.com.br\/fr\/wp-json\/wp\/v2\/users\/3"}],"replies":[{"embeddable":true,"href":"https:\/\/www.bibliotecadeseguranca.com.br\/fr\/wp-json\/wp\/v2\/comments?post=20009"}],"version-history":[{"count":1,"href":"https:\/\/www.bibliotecadeseguranca.com.br\/fr\/wp-json\/wp\/v2\/posts\/20009\/revisions"}],"predecessor-version":[{"id":20011,"href":"https:\/\/www.bibliotecadeseguranca.com.br\/fr\/wp-json\/wp\/v2\/posts\/20009\/revisions\/20011"}],"wp:featuredmedia":[{"embeddable":true,"href":"https:\/\/www.bibliotecadeseguranca.com.br\/fr\/wp-json\/wp\/v2\/media\/20010"}],"wp:attachment":[{"href":"https:\/\/www.bibliotecadeseguranca.com.br\/fr\/wp-json\/wp\/v2\/media?parent=20009"}],"wp:term":[{"taxonomy":"category","embeddable":true,"href":"https:\/\/www.bibliotecadeseguranca.com.br\/fr\/wp-json\/wp\/v2\/categories?post=20009"},{"taxonomy":"post_tag","embeddable":true,"href":"https:\/\/www.bibliotecadeseguranca.com.br\/fr\/wp-json\/wp\/v2\/tags?post=20009"}],"curies":[{"name":"wp","href":"https:\/\/api.w.org\/{rel}","templated":true}]}}