{"id":19993,"date":"2024-08-26T14:00:51","date_gmt":"2024-08-26T17:00:51","guid":{"rendered":"https:\/\/www.bibliotecadeseguranca.com.br\/fr\/?p=19993"},"modified":"2024-08-26T12:56:12","modified_gmt":"2024-08-26T15:56:12","slug":"seguranca-publica-as-mafias-ganham-corpo-e-ameacam-tomar-o-estado","status":"publish","type":"post","link":"https:\/\/www.bibliotecadeseguranca.com.br\/fr\/livros\/seguranca-publica-as-mafias-ganham-corpo-e-ameacam-tomar-o-estado\/","title":{"rendered":"Seguran\u00e7a P\u00fablica: as M\u00e1fias Ganham Corpo e Amea\u00e7am Tomar o Estado"},"content":{"rendered":"<p><span style=\"color: #003366;\"><strong><img loading=\"lazy\" decoding=\"async\" class=\"alignleft size-full wp-image-19994\" src=\"https:\/\/www.bibliotecadeseguranca.com.br\/fr\/wp-content\/uploads\/2024\/08\/seguranca-publica-as-mafias-ganham-corpo-e-ameacam-tomar-o-estado.jpg\" alt=\"Seguran\u00e7a P\u00fablica: as M\u00e1fias Ganham Corpo e Amea\u00e7am Tomar o Estado\" width=\"145\" height=\"229\" srcset=\"https:\/\/www.bibliotecadeseguranca.com.br\/fr\/wp-content\/uploads\/2024\/08\/seguranca-publica-as-mafias-ganham-corpo-e-ameacam-tomar-o-estado.jpg 145w, https:\/\/www.bibliotecadeseguranca.com.br\/fr\/wp-content\/uploads\/2024\/08\/seguranca-publica-as-mafias-ganham-corpo-e-ameacam-tomar-o-estado-95x150.jpg 95w\" sizes=\"auto, (max-width: 145px) 100vw, 145px\" \/>Walfrido Warde<\/strong><\/span><\/p>\n<p><span style=\"color: #003366;\"><strong>Maison d&#8217;\u00e9dition Contracorrente<\/strong><\/span><\/p>\n<p><span style=\"color: #003366;\"><strong>R\u00e9sum\u00e9:<\/strong><\/span> A obra traduz um alerta fundamental sobre a infiltra\u00e7\u00e3o do crime organizado nos tecidos pol\u00edtico, econ\u00f4mico e social do pa\u00eds, a confluir numa perigosa tend\u00eancia de indistin\u00e7\u00e3o entre o Estado, o mercado e o crime.<br \/>\nPor meio de uma narrativa objetiva e contundente, o autor faz um diagn\u00f3stico das causas pelas quais corremos o risco do crime organizado se apoderar do Estado brasileiro e lan\u00e7a bases para as discuss\u00f5es de um Projeto Nacional de Seguran\u00e7a P\u00fablica, um tema central da nossa democracia.<br \/>\nPara Warde, \u201co combate puramente punitivo e repressor do crime recrutou for\u00e7as policiais e demais agentes do aparato de seguran\u00e7a e de defesa do pa\u00eds para o crime (quem mata por ordem do Estado, logo percebe que pode matar para si), em especial \u00e0 forma\u00e7\u00e3o de novas organiza\u00e7\u00f5es criminosas, que conhecemos como \u2018mil\u00edcias\u2019, e que atuam em um contexto de profunda indistin\u00e7\u00e3o entre Estado e crime\u201d.<br \/>\nEm suma, trata-se de leitura obrigat\u00f3ria a todas as pessoas preocupadas com os destinos do Brasil.<\/p>\n","protected":false},"excerpt":{"rendered":"<p>Walfrido Warde Maison d&#8217;\u00e9dition Contracorrente R\u00e9sum\u00e9: A obra traduz um alerta fundamental sobre a infiltra\u00e7\u00e3o do crime organizado nos tecidos pol\u00edtico, econ\u00f4mico e social do pa\u00eds, a confluir numa perigosa tend\u00eancia de indistin\u00e7\u00e3o entre o Estado, o mercado e o crime. Por meio de uma narrativa objetiva e contundente, o autor faz um diagn\u00f3stico das causas pelas quais corremos o risco do crime organizado se apoderar do Estado brasileiro e&hellip; <\/p>\n","protected":false},"author":3,"featured_media":19994,"comment_status":"closed","ping_status":"closed","sticky":false,"template":"","format":"standard","meta":{"footnotes":""},"categories":[6,25],"tags":[],"class_list":["post-19993","post","type-post","status-publish","format-standard","has-post-thumbnail","hentry","category-livros","category-seguranca-publica-e-defesa"],"views":143,"_links":{"self":[{"href":"https:\/\/www.bibliotecadeseguranca.com.br\/fr\/wp-json\/wp\/v2\/posts\/19993","targetHints":{"allow":["GET"]}}],"collection":[{"href":"https:\/\/www.bibliotecadeseguranca.com.br\/fr\/wp-json\/wp\/v2\/posts"}],"about":[{"href":"https:\/\/www.bibliotecadeseguranca.com.br\/fr\/wp-json\/wp\/v2\/types\/post"}],"author":[{"embeddable":true,"href":"https:\/\/www.bibliotecadeseguranca.com.br\/fr\/wp-json\/wp\/v2\/users\/3"}],"replies":[{"embeddable":true,"href":"https:\/\/www.bibliotecadeseguranca.com.br\/fr\/wp-json\/wp\/v2\/comments?post=19993"}],"version-history":[{"count":1,"href":"https:\/\/www.bibliotecadeseguranca.com.br\/fr\/wp-json\/wp\/v2\/posts\/19993\/revisions"}],"predecessor-version":[{"id":19995,"href":"https:\/\/www.bibliotecadeseguranca.com.br\/fr\/wp-json\/wp\/v2\/posts\/19993\/revisions\/19995"}],"wp:featuredmedia":[{"embeddable":true,"href":"https:\/\/www.bibliotecadeseguranca.com.br\/fr\/wp-json\/wp\/v2\/media\/19994"}],"wp:attachment":[{"href":"https:\/\/www.bibliotecadeseguranca.com.br\/fr\/wp-json\/wp\/v2\/media?parent=19993"}],"wp:term":[{"taxonomy":"category","embeddable":true,"href":"https:\/\/www.bibliotecadeseguranca.com.br\/fr\/wp-json\/wp\/v2\/categories?post=19993"},{"taxonomy":"post_tag","embeddable":true,"href":"https:\/\/www.bibliotecadeseguranca.com.br\/fr\/wp-json\/wp\/v2\/tags?post=19993"}],"curies":[{"name":"wp","href":"https:\/\/api.w.org\/{rel}","templated":true}]}}